{"id":73774,"date":"2022-04-01T13:57:59","date_gmt":"2022-04-01T19:57:59","guid":{"rendered":"http:\/\/diariodigitalmx.com\/?p=73774"},"modified":"2022-04-01T14:03:01","modified_gmt":"2022-04-01T20:03:01","slug":"en-escobedo-nl-se-preparan-para-cualquier-eventualidad-tienen-simulacro-contra-sismos-e-incendios-en-clinica-del-imss","status":"publish","type":"post","link":"https:\/\/diariodigitalmx.com\/index.php\/2022\/04\/01\/en-escobedo-nl-se-preparan-para-cualquier-eventualidad-tienen-simulacro-contra-sismos-e-incendios-en-clinica-del-imss\/","title":{"rendered":"En Escobedo, NL, se preparan para cualquier eventualidad; tienen simulacro contra sismos e incendios en cl\u00ednica del IMSS"},"content":{"rendered":"\n<figure class=\"wp-block-video\"><video controls src=\"http:\/\/diariodigitalmx.com\/wp-content\/uploads\/2022\/04\/SIMULACRO-CONTRA-SIMOS-DE-PROTECCION-CIVIL-E-IMSS-EN-LA-CLINICA-43-MEDIOS-ASPECTOS.mp4\"><\/video><\/figure>\n\n\n\n<p>Como parte de las actividades en conjunto para prevenir accidentes, Protecci\u00f3n Civil de Escobedo y el IMSS realizaron un simulacro contra incendios y sismos, en el que participaron m\u00e1s de 200 personas.<\/p>\n\n\n\n<p>Patricia P\u00e9rez Tijerina, titular de Protecci\u00f3n Civil Municipal, se\u00f1al\u00f3 que ante la ola de incendios que se registran por la temporada y porque, aunque con poca intensidad, han ido increment\u00e1ndose los movimientos tel\u00faricos en el Estado, la actividad preventiva se llev\u00f3 a cabo en la Unidad de Medicina Familiar No. 43.<\/p>\n\n\n\n<figure class=\"wp-block-image size-large\"><img loading=\"lazy\" decoding=\"async\" width=\"1024\" height=\"683\" src=\"http:\/\/diariodigitalmx.com\/wp-content\/uploads\/2022\/04\/IMG_9216-1024x683.jpg\" alt=\"\" class=\"wp-image-73777\" srcset=\"https:\/\/diariodigitalmx.com\/wp-content\/uploads\/2022\/04\/IMG_9216-1024x683.jpg 1024w, https:\/\/diariodigitalmx.com\/wp-content\/uploads\/2022\/04\/IMG_9216-300x200.jpg 300w, https:\/\/diariodigitalmx.com\/wp-content\/uploads\/2022\/04\/IMG_9216-768x512.jpg 768w, https:\/\/diariodigitalmx.com\/wp-content\/uploads\/2022\/04\/IMG_9216-1536x1024.jpg 1536w, https:\/\/diariodigitalmx.com\/wp-content\/uploads\/2022\/04\/IMG_9216-2048x1365.jpg 2048w\" sizes=\"(max-width: 1024px) 100vw, 1024px\" \/><\/figure>\n\n\n\n<p>Este jueves que se evacu\u00f3 de la cl\u00ednica al personal m\u00e9dico y administrativo, as\u00ed como derechohabientes. Incluso, se simul\u00f3 la atenci\u00f3n de heridos.<\/p>\n\n\n\n<p>Tras sonar una alarma, en menos de tres minutos el interior de las instalaciones fue desocupado.<\/p>\n\n\n\n<figure class=\"wp-block-image size-large\"><img loading=\"lazy\" decoding=\"async\" width=\"1024\" height=\"683\" src=\"http:\/\/diariodigitalmx.com\/wp-content\/uploads\/2022\/04\/IMG_9185-1024x683.jpg\" alt=\"\" class=\"wp-image-73780\" srcset=\"https:\/\/diariodigitalmx.com\/wp-content\/uploads\/2022\/04\/IMG_9185-1024x683.jpg 1024w, https:\/\/diariodigitalmx.com\/wp-content\/uploads\/2022\/04\/IMG_9185-300x200.jpg 300w, https:\/\/diariodigitalmx.com\/wp-content\/uploads\/2022\/04\/IMG_9185-768x512.jpg 768w, https:\/\/diariodigitalmx.com\/wp-content\/uploads\/2022\/04\/IMG_9185-1536x1024.jpg 1536w, https:\/\/diariodigitalmx.com\/wp-content\/uploads\/2022\/04\/IMG_9185-2048x1365.jpg 2048w\" sizes=\"(max-width: 1024px) 100vw, 1024px\" \/><\/figure>\n\n\n\n<p>Doctores, enfermeros, personal administrativo y derechohabientes se agruparon en los puntos de reuni\u00f3n, que se localizan frente a la entrada principal de la cl\u00ednica y en el estacionamiento.<\/p>\n\n\n\n<p>P\u00e9rez Tijerina, explic\u00f3 que este tipo de pr\u00e1cticas son muy importantes para cuidar a la ciudadan\u00eda en caso de emergencias.<\/p>\n\n\n\n<figure class=\"wp-block-image size-large\"><img loading=\"lazy\" decoding=\"async\" width=\"1024\" height=\"683\" src=\"http:\/\/diariodigitalmx.com\/wp-content\/uploads\/2022\/04\/IMG_9239-1024x683.jpg\" alt=\"\" class=\"wp-image-73782\" srcset=\"https:\/\/diariodigitalmx.com\/wp-content\/uploads\/2022\/04\/IMG_9239-1024x683.jpg 1024w, https:\/\/diariodigitalmx.com\/wp-content\/uploads\/2022\/04\/IMG_9239-300x200.jpg 300w, https:\/\/diariodigitalmx.com\/wp-content\/uploads\/2022\/04\/IMG_9239-768x512.jpg 768w, https:\/\/diariodigitalmx.com\/wp-content\/uploads\/2022\/04\/IMG_9239-1536x1024.jpg 1536w, https:\/\/diariodigitalmx.com\/wp-content\/uploads\/2022\/04\/IMG_9239-2048x1365.jpg 2048w\" sizes=\"(max-width: 1024px) 100vw, 1024px\" \/><\/figure>\n\n\n\n<p>Aunque en la cl\u00ednica no hay internamientos, la evacuaci\u00f3n es compleja, a\u00f1adi\u00f3, pues el personal debe estar capacitado para este tipo de situaciones, sin embargo, no es com\u00fan que los derechohabientes sepan c\u00f3mo actuar y se gu\u00edan con las indicaciones de los trabajadores de Salud.<\/p>\n\n\n\n<p>En el simulacro, se detectan \u00e1reas de oportunidad en los protocolos para evacuar a la gente de las instalaciones.<\/p>\n\n\n\n<figure class=\"wp-block-image size-large\"><img loading=\"lazy\" decoding=\"async\" width=\"1024\" height=\"683\" src=\"http:\/\/diariodigitalmx.com\/wp-content\/uploads\/2022\/04\/IMG_9210-1024x683.jpg\" alt=\"\" class=\"wp-image-73784\" srcset=\"https:\/\/diariodigitalmx.com\/wp-content\/uploads\/2022\/04\/IMG_9210-1024x683.jpg 1024w, https:\/\/diariodigitalmx.com\/wp-content\/uploads\/2022\/04\/IMG_9210-300x200.jpg 300w, https:\/\/diariodigitalmx.com\/wp-content\/uploads\/2022\/04\/IMG_9210-768x512.jpg 768w, https:\/\/diariodigitalmx.com\/wp-content\/uploads\/2022\/04\/IMG_9210-1536x1024.jpg 1536w, https:\/\/diariodigitalmx.com\/wp-content\/uploads\/2022\/04\/IMG_9210-2048x1365.jpg 2048w\" sizes=\"(max-width: 1024px) 100vw, 1024px\" \/><\/figure>\n\n\n\n<p>Por ejemplo, se miden los tiempos de la evacuaci\u00f3n, se analiza el actuar del personal, se supervisan las medidas de seguridad en materia de protecci\u00f3n civil y se emiten recomendaciones.<\/p>\n\n\n\n<p>En el simulacro, se evaluaron los protocolos que, por su similitud, tanto en incendios como en sismos se deben de poner en pr\u00e1ctica, como salir ordenadamente y sin correr, respetar las filas y utilizar las salidas de emergencia, los pasamanos de las escaleras y los debidos puntos de reuni\u00f3n.<\/p>\n\n\n\n<figure class=\"wp-block-gallery columns-2 is-cropped wp-block-gallery-1 is-layout-flex wp-block-gallery-is-layout-flex\"><ul class=\"blocks-gallery-grid\"><li class=\"blocks-gallery-item\"><figure><img loading=\"lazy\" decoding=\"async\" width=\"1024\" height=\"683\" src=\"http:\/\/diariodigitalmx.com\/wp-content\/uploads\/2022\/04\/IMG_9167-1024x683.jpg\" alt=\"\" data-id=\"73787\" data-full-url=\"http:\/\/diariodigitalmx.com\/wp-content\/uploads\/2022\/04\/IMG_9167-scaled.jpg\" data-link=\"http:\/\/diariodigitalmx.com\/index.php\/2022\/04\/01\/en-escobedo-nl-se-preparan-para-cualquier-eventualidad-tienen-simulacro-contra-sismos-e-incendios-en-clinica-del-imss\/img_9167\/\" class=\"wp-image-73787\" srcset=\"https:\/\/diariodigitalmx.com\/wp-content\/uploads\/2022\/04\/IMG_9167-1024x683.jpg 1024w, https:\/\/diariodigitalmx.com\/wp-content\/uploads\/2022\/04\/IMG_9167-300x200.jpg 300w, https:\/\/diariodigitalmx.com\/wp-content\/uploads\/2022\/04\/IMG_9167-768x512.jpg 768w, https:\/\/diariodigitalmx.com\/wp-content\/uploads\/2022\/04\/IMG_9167-1536x1024.jpg 1536w, https:\/\/diariodigitalmx.com\/wp-content\/uploads\/2022\/04\/IMG_9167-2048x1365.jpg 2048w\" sizes=\"(max-width: 1024px) 100vw, 1024px\" \/><\/figure><\/li><li class=\"blocks-gallery-item\"><figure><img loading=\"lazy\" decoding=\"async\" width=\"1024\" height=\"683\" src=\"http:\/\/diariodigitalmx.com\/wp-content\/uploads\/2022\/04\/IMG_9113-1024x683.jpg\" alt=\"\" data-id=\"73788\" data-full-url=\"http:\/\/diariodigitalmx.com\/wp-content\/uploads\/2022\/04\/IMG_9113-scaled.jpg\" data-link=\"http:\/\/diariodigitalmx.com\/index.php\/2022\/04\/01\/en-escobedo-nl-se-preparan-para-cualquier-eventualidad-tienen-simulacro-contra-sismos-e-incendios-en-clinica-del-imss\/img_9113\/\" class=\"wp-image-73788\" srcset=\"https:\/\/diariodigitalmx.com\/wp-content\/uploads\/2022\/04\/IMG_9113-1024x683.jpg 1024w, https:\/\/diariodigitalmx.com\/wp-content\/uploads\/2022\/04\/IMG_9113-300x200.jpg 300w, https:\/\/diariodigitalmx.com\/wp-content\/uploads\/2022\/04\/IMG_9113-768x512.jpg 768w, https:\/\/diariodigitalmx.com\/wp-content\/uploads\/2022\/04\/IMG_9113-1536x1024.jpg 1536w, https:\/\/diariodigitalmx.com\/wp-content\/uploads\/2022\/04\/IMG_9113-2048x1365.jpg 2048w\" sizes=\"(max-width: 1024px) 100vw, 1024px\" \/><\/figure><\/li><\/ul><\/figure>\n\n\n\n<p>Protecci\u00f3n Civil de Escobedo mantiene una l\u00ednea de emergencia las 24 horas, a donde los ciudadanos pueden llamar al 81-8397-2911.<\/p>\n","protected":false},"excerpt":{"rendered":"<p>Como parte de las actividades en conjunto para prevenir accidentes, Protecci\u00f3n Civil de Escobedo y el IMSS realizaron un simulacro contra incendios y sismos, en el que participaron m\u00e1s de 200 personas. Patricia P\u00e9rez Tijerina, titular de Protecci\u00f3n Civil Municipal, se\u00f1al\u00f3 que ante la ola de incendios que se registran por la temporada y porque, [&hellip;]<\/p>\n","protected":false},"author":1,"featured_media":73776,"comment_status":"open","ping_status":"open","sticky":true,"template":"","format":"standard","meta":{"footnotes":""},"categories":[6,5],"tags":[],"_links":{"self":[{"href":"https:\/\/diariodigitalmx.com\/index.php\/wp-json\/wp\/v2\/posts\/73774"}],"collection":[{"href":"https:\/\/diariodigitalmx.com\/index.php\/wp-json\/wp\/v2\/posts"}],"about":[{"href":"https:\/\/diariodigitalmx.com\/index.php\/wp-json\/wp\/v2\/types\/post"}],"author":[{"embeddable":true,"href":"https:\/\/diariodigitalmx.com\/index.php\/wp-json\/wp\/v2\/users\/1"}],"replies":[{"embeddable":true,"href":"https:\/\/diariodigitalmx.com\/index.php\/wp-json\/wp\/v2\/comments?post=73774"}],"version-history":[{"count":7,"href":"https:\/\/diariodigitalmx.com\/index.php\/wp-json\/wp\/v2\/posts\/73774\/revisions"}],"predecessor-version":[{"id":73792,"href":"https:\/\/diariodigitalmx.com\/index.php\/wp-json\/wp\/v2\/posts\/73774\/revisions\/73792"}],"wp:featuredmedia":[{"embeddable":true,"href":"https:\/\/diariodigitalmx.com\/index.php\/wp-json\/wp\/v2\/media\/73776"}],"wp:attachment":[{"href":"https:\/\/diariodigitalmx.com\/index.php\/wp-json\/wp\/v2\/media?parent=73774"}],"wp:term":[{"taxonomy":"category","embeddable":true,"href":"https:\/\/diariodigitalmx.com\/index.php\/wp-json\/wp\/v2\/categories?post=73774"},{"taxonomy":"post_tag","embeddable":true,"href":"https:\/\/diariodigitalmx.com\/index.php\/wp-json\/wp\/v2\/tags?post=73774"}],"curies":[{"name":"wp","href":"https:\/\/api.w.org\/{rel}","templated":true}]}}