{"id":73803,"date":"2022-04-01T22:26:10","date_gmt":"2022-04-02T04:26:10","guid":{"rendered":"http:\/\/diariodigitalmx.com\/?p=73803"},"modified":"2022-04-01T22:27:07","modified_gmt":"2022-04-02T04:27:07","slug":"medida-que-expulsa-indocumentados-por-covid-fenece-el-23-de-mayo","status":"publish","type":"post","link":"https:\/\/diariodigitalmx.com\/index.php\/2022\/04\/01\/medida-que-expulsa-indocumentados-por-covid-fenece-el-23-de-mayo\/","title":{"rendered":"Medida que expulsa por Covid fenece el 23 de  mayo"},"content":{"rendered":"\n<p>&nbsp;<\/p>\n\n\n\n<p>Por Rogelio Romero<\/p>\n\n\n\n<p>McAllen, Texas.- El&nbsp; gobierno de Estados Unidos inform\u00f3 que a partir del 23 de mayo, se dejar\u00e1 de aplicar la medida de salud T\u00edtulo 42, que permit\u00eda la expulsi\u00f3n&nbsp; de personas indocumentadas bajo razones de seguridad nacional, debido a la pandemia del coronavirus.<\/p>\n\n\n\n<p>El titular de Seguridad Nacional, Alejandro Mayorkas, se\u00f1al\u00f3 que el procedimiento de remoci\u00f3n era una medida de salud y no una ley, por lo que se ten\u00eda que decidir si era viable que continuar\u00e1 vigente.<\/p>\n\n\n\n<p>Este viernes 1 de abril los Centros para la Prevenci\u00f3n y Control de Enfermedades confirmaron que la medida ya no era aplicable bajo las razones se\u00f1aladas.<\/p>\n\n\n\n<p>De acuerdo a un an\u00e1lisis dado a conocer esta semana por&nbsp; el Departamento de Seguridad Nacional, se cree que la suspensi\u00f3n de la medida, podr\u00eda representar un incremento en el intento de cruce de entre 13 mil a 15 mil personas sin documentos por semana.<\/p>\n\n\n\n<p>FRONTERA<\/p>\n\n\n\n<p>La directora de la organizaci\u00f3n humanitaria Caridades Cat\u00f3licas, Norma Pimental, se\u00f1al\u00f3 que la suspensi\u00f3n de la medida podr\u00eda significar que nuevas caravanas de migrantes (en su mayor\u00eda centroamericanos), arriben de nuevo a la frontera norte de M\u00e9xico con el objetivo de solicitar asilo humanitario a Estados Unidos.<\/p>\n\n\n\n<p>Record\u00f3 que solamente en la ciudad fronteriza de Reynosa se encuentran pernoctando alrededor de 9 mil migrantes.<\/p>\n\n\n\n<p>Agreg\u00f3 que miles m\u00e1s permanecen en las diferentes ciudades fronterizas de M\u00e9xico con Estados Unidos, en espera de solicitar asilo humanitario, lo que deber\u00e1 hacerse en forma&nbsp; ordenada.<\/p>\n","protected":false},"excerpt":{"rendered":"<p>&nbsp; Por Rogelio Romero McAllen, Texas.- El&nbsp; gobierno de Estados Unidos inform\u00f3 que a partir del 23 de mayo, se dejar\u00e1 de aplicar la medida de salud T\u00edtulo 42, que permit\u00eda la expulsi\u00f3n&nbsp; de personas indocumentadas bajo razones de seguridad nacional, debido a la pandemia del coronavirus. El titular de Seguridad Nacional, Alejandro Mayorkas, se\u00f1al\u00f3 [&hellip;]<\/p>\n","protected":false},"author":1,"featured_media":73805,"comment_status":"open","ping_status":"open","sticky":true,"template":"","format":"standard","meta":{"footnotes":""},"categories":[14,4],"tags":[],"_links":{"self":[{"href":"https:\/\/diariodigitalmx.com\/index.php\/wp-json\/wp\/v2\/posts\/73803"}],"collection":[{"href":"https:\/\/diariodigitalmx.com\/index.php\/wp-json\/wp\/v2\/posts"}],"about":[{"href":"https:\/\/diariodigitalmx.com\/index.php\/wp-json\/wp\/v2\/types\/post"}],"author":[{"embeddable":true,"href":"https:\/\/diariodigitalmx.com\/index.php\/wp-json\/wp\/v2\/users\/1"}],"replies":[{"embeddable":true,"href":"https:\/\/diariodigitalmx.com\/index.php\/wp-json\/wp\/v2\/comments?post=73803"}],"version-history":[{"count":3,"href":"https:\/\/diariodigitalmx.com\/index.php\/wp-json\/wp\/v2\/posts\/73803\/revisions"}],"predecessor-version":[{"id":73807,"href":"https:\/\/diariodigitalmx.com\/index.php\/wp-json\/wp\/v2\/posts\/73803\/revisions\/73807"}],"wp:featuredmedia":[{"embeddable":true,"href":"https:\/\/diariodigitalmx.com\/index.php\/wp-json\/wp\/v2\/media\/73805"}],"wp:attachment":[{"href":"https:\/\/diariodigitalmx.com\/index.php\/wp-json\/wp\/v2\/media?parent=73803"}],"wp:term":[{"taxonomy":"category","embeddable":true,"href":"https:\/\/diariodigitalmx.com\/index.php\/wp-json\/wp\/v2\/categories?post=73803"},{"taxonomy":"post_tag","embeddable":true,"href":"https:\/\/diariodigitalmx.com\/index.php\/wp-json\/wp\/v2\/tags?post=73803"}],"curies":[{"name":"wp","href":"https:\/\/api.w.org\/{rel}","templated":true}]}}