{"id":73808,"date":"2022-04-02T00:16:28","date_gmt":"2022-04-02T06:16:28","guid":{"rendered":"http:\/\/diariodigitalmx.com\/?p=73808"},"modified":"2022-04-02T00:16:56","modified_gmt":"2022-04-02T06:16:56","slug":"solo-gobernador-puede-detener-ejecucion-de-mujer-en-texas","status":"publish","type":"post","link":"https:\/\/diariodigitalmx.com\/index.php\/2022\/04\/02\/solo-gobernador-puede-detener-ejecucion-de-mujer-en-texas\/","title":{"rendered":"Solo  gobernador puede detener ejecuci\u00f3n de mujer en Texas"},"content":{"rendered":"\n<p><\/p>\n\n\n\n<p>Por Rogelio Romero<\/p>\n\n\n\n<p>Harlingen, Texas.- La Quinta Corte de Apelaciones rechaz\u00f3 la petici\u00f3n de la condenada a muerte, Melissa Lucio, de intervenir en su caso y se\u00f1al\u00f3 en su dictamen que solo el gobernador de Texas, Greg Abbott, puede detener su ejecuci\u00f3n programada para el pr\u00f3ximo 27 de abril.<\/p>\n\n\n\n<p>En su dictamen final sobre el caso el magistrado Higginbotham se\u00f1ala que solo el poder ejecutivo estatal puede detener el proceso de pena de muerte en el caso de la mujer.<\/p>\n\n\n\n<p>Lucio hab\u00eda apelado por clemencia ante la Barra de Perdones de Texas manifestando principalmente preocupaci\u00f3n por el incierto futuro de sus hijas, adem\u00e1s de que su defensa tambi\u00e9n alega presuntas irregularidades en el caso, esto por parte del entonces fiscal del condado de Cameron Armando R. Villalobos, quien actualmente est\u00e1 sirviendo una condena en una prisi\u00f3n federal bajo cargos de corrupci\u00f3n administrativa.<\/p>\n\n\n\n<p>La mujer fue condenada a la pena de muerte en 2008 bajo acusaciones de&nbsp; haber golpeado salvajemente a su peque\u00f1a hija de 2 a\u00f1os de edad, lo que caus\u00f3 la muerte de la infanta.<\/p>\n\n\n\n<p>El homicidio ocurri\u00f3 en el 2007, a\u00f1o en el que fue arrestada la mujer, quien enfrent\u00f3 juicio y de acuerdo a la entonces fiscal\u00eda se pudo comprobar que la f\u00e9mina fue la responsable del crimen,<\/p>\n\n\n\n<p>En Texas es muy dif\u00edcil que el gobernador intervenga y otorgue el perd\u00f3n a una persona condenada a muerte, los sentenciados fenecen&nbsp; tras que se les aplica una inyecci\u00f3n letal en la fecha que est\u00e1 programada su ejecuci\u00f3n.<br><\/p>\n","protected":false},"excerpt":{"rendered":"<p>Por Rogelio Romero Harlingen, Texas.- La Quinta Corte de Apelaciones rechaz\u00f3 la petici\u00f3n de la condenada a muerte, Melissa Lucio, de intervenir en su caso y se\u00f1al\u00f3 en su dictamen que solo el gobernador de Texas, Greg Abbott, puede detener su ejecuci\u00f3n programada para el pr\u00f3ximo 27 de abril. En su dictamen final sobre el [&hellip;]<\/p>\n","protected":false},"author":1,"featured_media":73810,"comment_status":"open","ping_status":"open","sticky":true,"template":"","format":"standard","meta":{"footnotes":""},"categories":[14,4],"tags":[],"_links":{"self":[{"href":"https:\/\/diariodigitalmx.com\/index.php\/wp-json\/wp\/v2\/posts\/73808"}],"collection":[{"href":"https:\/\/diariodigitalmx.com\/index.php\/wp-json\/wp\/v2\/posts"}],"about":[{"href":"https:\/\/diariodigitalmx.com\/index.php\/wp-json\/wp\/v2\/types\/post"}],"author":[{"embeddable":true,"href":"https:\/\/diariodigitalmx.com\/index.php\/wp-json\/wp\/v2\/users\/1"}],"replies":[{"embeddable":true,"href":"https:\/\/diariodigitalmx.com\/index.php\/wp-json\/wp\/v2\/comments?post=73808"}],"version-history":[{"count":1,"href":"https:\/\/diariodigitalmx.com\/index.php\/wp-json\/wp\/v2\/posts\/73808\/revisions"}],"predecessor-version":[{"id":73809,"href":"https:\/\/diariodigitalmx.com\/index.php\/wp-json\/wp\/v2\/posts\/73808\/revisions\/73809"}],"wp:featuredmedia":[{"embeddable":true,"href":"https:\/\/diariodigitalmx.com\/index.php\/wp-json\/wp\/v2\/media\/73810"}],"wp:attachment":[{"href":"https:\/\/diariodigitalmx.com\/index.php\/wp-json\/wp\/v2\/media?parent=73808"}],"wp:term":[{"taxonomy":"category","embeddable":true,"href":"https:\/\/diariodigitalmx.com\/index.php\/wp-json\/wp\/v2\/categories?post=73808"},{"taxonomy":"post_tag","embeddable":true,"href":"https:\/\/diariodigitalmx.com\/index.php\/wp-json\/wp\/v2\/tags?post=73808"}],"curies":[{"name":"wp","href":"https:\/\/api.w.org\/{rel}","templated":true}]}}