{"id":7387,"date":"2019-07-05T12:54:28","date_gmt":"2019-07-05T17:54:28","guid":{"rendered":"http:\/\/diariodigitalmx.com\/?p=7387"},"modified":"2019-07-05T12:54:29","modified_gmt":"2019-07-05T17:54:29","slug":"ordenes-de-aprehension-contra-emilio-lozoya-y-su-familia","status":"publish","type":"post","link":"https:\/\/diariodigitalmx.com\/index.php\/2019\/07\/05\/ordenes-de-aprehension-contra-emilio-lozoya-y-su-familia\/","title":{"rendered":"\u00d3rdenes de aprehensi\u00f3n contra Emilio Lozoya y su familia"},"content":{"rendered":"\n<p>La Fiscal\u00eda General\nde la Rep\u00fablica (FGR) inform\u00f3 que obtuvo de un Juez de Control las \u00f3rdenes de\naprehensi\u00f3n en contra del exdirector de Petr\u00f3leos Mexicanos (Pemex), Emilio\nLozoya y tres integrantes de su familia, por el caso Odebrecht.<\/p>\n\n\n\n<p>Adem\u00e1s de Emilio\nLozoya, las \u00f3rdenes de arresto son contra su esposa Marielle &#8220;N&#8221; ; su\nmam\u00e1 Gilda &#8220;N&#8221;, su hermana Gilda \u201cN\u201d, y Nelly &#8220;N&#8221;, quienes\ncuentan con Ficha Roja de Interpol, con relaci\u00f3n a los delitos probablemente cometidos\nen el citado caso y que involucra a la empresa productiva del Estado. \u201cSe han logrado las \u00f3rdenes de\naprehensi\u00f3n que sujetan a una probable responsabilidad a los involucrados en\neste caso que por mucho tiempo estuvo congelado en forma tan criticable&#8221;,\nindic\u00f3 la FGR en un comunicado.<\/p>\n\n\n\n<p>Detall\u00f3 que el ministerio p\u00fablico\npresent\u00f3 ante el juez de control todos los elementos de probanza necesarios\npara obtener el resultado legal favorable a los intereses de la Federaci\u00f3n.<\/p>\n\n\n\n<p>Tras recordar que este asunto se\ninici\u00f3 en enero de 2017 y que durante a\u00f1os no obtuvo judicializaci\u00f3n, la FGR\nresalt\u00f3 que cumpli\u00f3 con lo ofrecido en el sentido de que en menos de 60 d\u00edas se\nrealizar\u00eda la judicializaci\u00f3n correspondiente.<\/p>\n\n\n\n<p>Ante las \u00f3rdenes de aprehensi\u00f3n,\nJavier Coello Trejo, abogado de Emilio Lozoya, dijo que le sorprende mucho y\nasegur\u00f3 que los familiares del exdirector de Pemex no fueron mencionados en la\ncarpeta de investigaci\u00f3n .<\/p>\n\n\n\n<p>&#8220;Me sorprende mucho la orden de\naprehensi\u00f3n contra la esposa, la mam\u00e1 y la hermana de Emilio Lozoya, yo conozco\nla carpeta de investigaci\u00f3n y nunca fueron mencionadas&#8221;, explic\u00f3 Javier\nCoello en entrevista con Ciro G\u00f3mez Leyva para Grupo F\u00f3rmula.<\/p>\n","protected":false},"excerpt":{"rendered":"<p>La Fiscal\u00eda General de la Rep\u00fablica (FGR) inform\u00f3 que obtuvo de un Juez de Control las \u00f3rdenes de aprehensi\u00f3n en contra del exdirector de Petr\u00f3leos Mexicanos (Pemex), Emilio Lozoya y tres integrantes de su familia, por el caso Odebrecht. Adem\u00e1s de Emilio Lozoya, las \u00f3rdenes de arresto son contra su esposa Marielle &#8220;N&#8221; ; su [&hellip;]<\/p>\n","protected":false},"author":1,"featured_media":7389,"comment_status":"open","ping_status":"open","sticky":true,"template":"","format":"standard","meta":{"footnotes":""},"categories":[2],"tags":[],"_links":{"self":[{"href":"https:\/\/diariodigitalmx.com\/index.php\/wp-json\/wp\/v2\/posts\/7387"}],"collection":[{"href":"https:\/\/diariodigitalmx.com\/index.php\/wp-json\/wp\/v2\/posts"}],"about":[{"href":"https:\/\/diariodigitalmx.com\/index.php\/wp-json\/wp\/v2\/types\/post"}],"author":[{"embeddable":true,"href":"https:\/\/diariodigitalmx.com\/index.php\/wp-json\/wp\/v2\/users\/1"}],"replies":[{"embeddable":true,"href":"https:\/\/diariodigitalmx.com\/index.php\/wp-json\/wp\/v2\/comments?post=7387"}],"version-history":[{"count":1,"href":"https:\/\/diariodigitalmx.com\/index.php\/wp-json\/wp\/v2\/posts\/7387\/revisions"}],"predecessor-version":[{"id":7388,"href":"https:\/\/diariodigitalmx.com\/index.php\/wp-json\/wp\/v2\/posts\/7387\/revisions\/7388"}],"wp:featuredmedia":[{"embeddable":true,"href":"https:\/\/diariodigitalmx.com\/index.php\/wp-json\/wp\/v2\/media\/7389"}],"wp:attachment":[{"href":"https:\/\/diariodigitalmx.com\/index.php\/wp-json\/wp\/v2\/media?parent=7387"}],"wp:term":[{"taxonomy":"category","embeddable":true,"href":"https:\/\/diariodigitalmx.com\/index.php\/wp-json\/wp\/v2\/categories?post=7387"},{"taxonomy":"post_tag","embeddable":true,"href":"https:\/\/diariodigitalmx.com\/index.php\/wp-json\/wp\/v2\/tags?post=7387"}],"curies":[{"name":"wp","href":"https:\/\/api.w.org\/{rel}","templated":true}]}}