{"id":7390,"date":"2019-07-05T13:02:16","date_gmt":"2019-07-05T18:02:16","guid":{"rendered":"http:\/\/diariodigitalmx.com\/?p=7390"},"modified":"2019-07-05T13:02:18","modified_gmt":"2019-07-05T18:02:18","slug":"el-boxeador-ivan-sonrics-ramirez-se-suicida","status":"publish","type":"post","link":"https:\/\/diariodigitalmx.com\/index.php\/2019\/07\/05\/el-boxeador-ivan-sonrics-ramirez-se-suicida\/","title":{"rendered":"El boxeador Iv\u00e1n &#8220;Sonrics&#8221; Ram\u00edrez, se suicida"},"content":{"rendered":"\n<p>El gran prospecto\ndel boxeo mexicano y Latinoamericano<strong>&nbsp;Iv\u00e1n &#8220;Sonrics&#8221; Ram\u00edrez\nmuri\u00f3 este jueves&nbsp;<\/strong>en M\u00e9rida, capital del suroriental estado de\nYucat\u00e1n, donde presuntamente se suicid\u00f3.<\/p>\n\n\n\n<p>Ram\u00edrez, quien\ncumpli\u00f3 24 a\u00f1os el 17 de mayo pasado,&nbsp;<strong>fue hallado colgado en su\ncasa.&nbsp;<\/strong>Unos familiares lo encontraron y dieron parte a las autoridades\nde Justicia, que intervinieron el predio en una colonia popular del sur de\nM\u00e9rida, para hacer las investigaciones.<\/p>\n\n\n\n<p>El p\u00fagil el mi\u00e9rcoles hab\u00eda departido\ncon varios conocidos suyos que&nbsp;<strong>no detectaron anomal\u00eda alguna en su\n\u00e1nimo<\/strong>&nbsp;y sab\u00edan que iba a iniciar la parte fuerte de su entrenamiento\npasa una pr\u00f3xima pelea en Surinam.<\/p>\n\n\n\n<p>El &#8220;Sonrics&#8221;,&nbsp;<strong>quien\nten\u00eda un palmar\u00e9s de 14 triunfos,&nbsp;<\/strong>con seis nocauts, y una derrota, fue\ndue\u00f1o de un boxeo ofensivo, alegre, que le hab\u00eda generado ya muchas simpat\u00edas y\nadmiraci\u00f3n en la afici\u00f3n del sureste mexicano.<\/p>\n\n\n\n<p>Pocos meses atr\u00e1s el Consejo Mundial\nde Boxeo (CMB) lo clasific\u00f3 y era de esperarse que avanzara en ese escalaf\u00f3n\ncon miras a una pelea por el campeonato universal del peso mosca ligero.<\/p>\n\n\n\n<p><strong>Su \u00faltimo combate fue el 15 de\nmarzo&nbsp;<\/strong>pasado en el Gimnasio Polifuncional de M\u00e9rida, donde dio una exhibici\u00f3n\nde poder y talento box\u00edstico y derrot\u00f3 por amplia decisi\u00f3n al internacional\nyucateco Ulises &#8216;Condorito&#8217; Mart\u00edn en su estreno en peleas de 10 asaltos.<\/p>\n\n\n\n<p>Apenas en diciembre pasado\nRam\u00edrez&nbsp;<strong>tuvo su primer combate internacional en Surinam<\/strong>, donde\nvenci\u00f3 por decisi\u00f3n un\u00e1nime en seis asaltos al venezolano Nohel Arambulet.<\/p>\n\n\n\n<p>Enterado de su deceso, su promotor y\napoderado, Andrew P\u00e9rez, dijo a Efe que este d\u00eda perdi\u00f3 no a un boxeador, sino\na un amigo.<\/p>\n\n\n\n<p>&#8220;En estos momentos no tengo\ncabeza m\u00e1s que para pensar en la persona, en ese muchacho y en su familia, en\nel pesar y&nbsp;<strong>en el trago amargo que ellos pasan,&nbsp;<\/strong>as\u00ed como\nnosotros&#8221;, afirm\u00f3.<\/p>\n\n\n\n<p>&#8220;Sonrics&#8221; Ram\u00edrez, quien en\nlos pr\u00f3ximos meses estaba programado para iniciar una campa\u00f1a en cuadril\u00e1teros\nasi\u00e1ticos, ser\u00e1 velado esta tarde en su domicilio.<\/p>\n","protected":false},"excerpt":{"rendered":"<p>El gran prospecto del boxeo mexicano y Latinoamericano&nbsp;Iv\u00e1n &#8220;Sonrics&#8221; Ram\u00edrez muri\u00f3 este jueves&nbsp;en M\u00e9rida, capital del suroriental estado de Yucat\u00e1n, donde presuntamente se suicid\u00f3. Ram\u00edrez, quien cumpli\u00f3 24 a\u00f1os el 17 de mayo pasado,&nbsp;fue hallado colgado en su casa.&nbsp;Unos familiares lo encontraron y dieron parte a las autoridades de Justicia, que intervinieron el predio en [&hellip;]<\/p>\n","protected":false},"author":1,"featured_media":7392,"comment_status":"open","ping_status":"open","sticky":true,"template":"","format":"standard","meta":{"footnotes":""},"categories":[8],"tags":[],"_links":{"self":[{"href":"https:\/\/diariodigitalmx.com\/index.php\/wp-json\/wp\/v2\/posts\/7390"}],"collection":[{"href":"https:\/\/diariodigitalmx.com\/index.php\/wp-json\/wp\/v2\/posts"}],"about":[{"href":"https:\/\/diariodigitalmx.com\/index.php\/wp-json\/wp\/v2\/types\/post"}],"author":[{"embeddable":true,"href":"https:\/\/diariodigitalmx.com\/index.php\/wp-json\/wp\/v2\/users\/1"}],"replies":[{"embeddable":true,"href":"https:\/\/diariodigitalmx.com\/index.php\/wp-json\/wp\/v2\/comments?post=7390"}],"version-history":[{"count":1,"href":"https:\/\/diariodigitalmx.com\/index.php\/wp-json\/wp\/v2\/posts\/7390\/revisions"}],"predecessor-version":[{"id":7391,"href":"https:\/\/diariodigitalmx.com\/index.php\/wp-json\/wp\/v2\/posts\/7390\/revisions\/7391"}],"wp:featuredmedia":[{"embeddable":true,"href":"https:\/\/diariodigitalmx.com\/index.php\/wp-json\/wp\/v2\/media\/7392"}],"wp:attachment":[{"href":"https:\/\/diariodigitalmx.com\/index.php\/wp-json\/wp\/v2\/media?parent=7390"}],"wp:term":[{"taxonomy":"category","embeddable":true,"href":"https:\/\/diariodigitalmx.com\/index.php\/wp-json\/wp\/v2\/categories?post=7390"},{"taxonomy":"post_tag","embeddable":true,"href":"https:\/\/diariodigitalmx.com\/index.php\/wp-json\/wp\/v2\/tags?post=7390"}],"curies":[{"name":"wp","href":"https:\/\/api.w.org\/{rel}","templated":true}]}}