{"id":73929,"date":"2022-04-05T17:28:42","date_gmt":"2022-04-05T22:28:42","guid":{"rendered":"http:\/\/diariodigitalmx.com\/?p=73929"},"modified":"2022-04-05T17:31:44","modified_gmt":"2022-04-05T22:31:44","slug":"votaran-legisladores-del-pri-en-contra-a-iniciativa-de-reforma-electrica-del-ejecutivo-federal-2","status":"publish","type":"post","link":"https:\/\/diariodigitalmx.com\/index.php\/2022\/04\/05\/votaran-legisladores-del-pri-en-contra-a-iniciativa-de-reforma-electrica-del-ejecutivo-federal-2\/","title":{"rendered":"Votar\u00e1n legisladores del PRI en contra a iniciativa de reforma el\u00e9ctrica del Ejecutivo Federal"},"content":{"rendered":"\n<p><\/p>\n\n\n\n<p>Despu\u00e9s de un gran an\u00e1lisis, los legisladores del PRI decidieron en forma conjunta y razonada, votar en contra de la iniciativa de reforma constitucional el\u00e9ctrica enviada por el Poder Ejecutivo Federal y presentar\u00e1n una contrapropuesta que en verdad beneficie a todos.<\/p>\n\n\n\n<p>El diputado federal y presidente del PRI en Nuevo Le\u00f3n, Jos\u00e9 Luis Garza&nbsp;Ochoa explic\u00f3 que, para los priistas, la mejor pol\u00edtica interior es la exterior,&nbsp;porque es una sola y se cimienta en el principio irrenunciable de legalidad en las decisiones legislativas.<\/p>\n\n\n\n<p>Asegur\u00f3 que los acuerdos y la ley est\u00e1n para cumplirse, \u201cy eso para nosotros, a diferencia de otros, es la \u00fanica y absoluta e inquebrantable fuente de legitimidad, precisamente por eso, nuestro voto es en contra\u201d, agreg\u00f3.<\/p>\n\n\n\n<p>Advirti\u00f3 que \u201cno vamos a aprobar la reforma el\u00e9ctrica, aunque al gobierno de Morena no le guste esta decisi\u00f3n que tomamos porque, adem\u00e1s para los priistas el Legislativo es un Poder y no un empleado del Poder\u201d.<\/p>\n\n\n\n<p>Garza Ochoa se\u00f1al\u00f3 que como ya lo anunci\u00f3 el presidente nacional del PRI, Alejandro Moreno C\u00e1rdenas, en breve se presentar\u00e1 una contrapropuesta legislativa que verdaderamente beneficie a los sectores m\u00e1s vulnerables, al sector productivo, al campo.<\/p>\n\n\n\n<p>Mencion\u00f3 que, en esta contrapropuesta \u201cse asegurar\u00e1 una competencia efectiva entre proveedores de energ\u00eda para que se contrate al menor precio posible, se dar\u00e1n garant\u00edas a la inversi\u00f3n extranjera y nacional, para que, en&nbsp;lugar de tener litigios durante a\u00f1os, se establezcan m\u00e1s plantas generadoras, se creen m\u00e1s empleos y existan trabajos dignos para los mexicanos\u201d.<\/p>\n\n\n\n<figure class=\"wp-block-image size-large\"><img loading=\"lazy\" decoding=\"async\" width=\"1024\" height=\"682\" src=\"http:\/\/diariodigitalmx.com\/wp-content\/uploads\/2022\/04\/Reforma2-1-1024x682.jpg\" alt=\"\" class=\"wp-image-73933\" srcset=\"https:\/\/diariodigitalmx.com\/wp-content\/uploads\/2022\/04\/Reforma2-1-1024x682.jpg 1024w, https:\/\/diariodigitalmx.com\/wp-content\/uploads\/2022\/04\/Reforma2-1-300x200.jpg 300w, https:\/\/diariodigitalmx.com\/wp-content\/uploads\/2022\/04\/Reforma2-1-768x512.jpg 768w, https:\/\/diariodigitalmx.com\/wp-content\/uploads\/2022\/04\/Reforma2-1.jpg 1280w\" sizes=\"(max-width: 1024px) 100vw, 1024px\" \/><\/figure>\n\n\n\n<p>Precis\u00f3 que el mundo de los energ\u00e9ticos en abril de 2022 ya no se parece al del a\u00f1o pasado, cuando el presidente de la Rep\u00fablica mand\u00f3 su iniciativa, con la que har\u00eda que suba el precio de la luz, que muchas medianas, peque\u00f1as empresas y oficinas tengan que cerrar por los altos precios, lo que cada vez&nbsp;pasa m\u00e1s frecuente en las zonas m\u00e1s importantes y donde hay altas&nbsp;temperaturas en M\u00e9xico.<\/p>\n\n\n\n<p>\u201cLa nueva realidad no se puede esconder y en el PRI vamos a estar del lado correcto de la historia, vamos a decir s\u00ed a la generaci\u00f3n de empleos, s\u00ed el apoyo a las clases populares, s\u00ed a que baje la luz, a que baje la energ\u00eda en la realidad, no a contaminar m\u00e1s, no a que haya m\u00e1s apagones, no a que se cierren y se&nbsp;pierdan empleos y las f\u00e1bricas y la peque\u00f1a y mediana empresa acaben&nbsp;quebrando\u201d agreg\u00f3.<\/p>\n\n\n\n<p>Record\u00f3 que durante 7 meses se estudi\u00f3 la iniciativa de reforma del presidente de la Rep\u00fablica y se escucharon las voces de especialistas y acad\u00e9micos en&nbsp;los Foros de Parlamento Abierto que se realizaron, por lo que conocen a detalle el tema.<\/p>\n","protected":false},"excerpt":{"rendered":"<p>Despu\u00e9s de un gran an\u00e1lisis, los legisladores del PRI decidieron en forma conjunta y razonada, votar en contra de la iniciativa de reforma constitucional el\u00e9ctrica enviada por el Poder Ejecutivo Federal y presentar\u00e1n una contrapropuesta que en verdad beneficie a todos. El diputado federal y presidente del PRI en Nuevo Le\u00f3n, Jos\u00e9 Luis Garza&nbsp;Ochoa explic\u00f3 [&hellip;]<\/p>\n","protected":false},"author":1,"featured_media":73931,"comment_status":"open","ping_status":"open","sticky":true,"template":"","format":"standard","meta":{"footnotes":""},"categories":[6,3],"tags":[],"_links":{"self":[{"href":"https:\/\/diariodigitalmx.com\/index.php\/wp-json\/wp\/v2\/posts\/73929"}],"collection":[{"href":"https:\/\/diariodigitalmx.com\/index.php\/wp-json\/wp\/v2\/posts"}],"about":[{"href":"https:\/\/diariodigitalmx.com\/index.php\/wp-json\/wp\/v2\/types\/post"}],"author":[{"embeddable":true,"href":"https:\/\/diariodigitalmx.com\/index.php\/wp-json\/wp\/v2\/users\/1"}],"replies":[{"embeddable":true,"href":"https:\/\/diariodigitalmx.com\/index.php\/wp-json\/wp\/v2\/comments?post=73929"}],"version-history":[{"count":4,"href":"https:\/\/diariodigitalmx.com\/index.php\/wp-json\/wp\/v2\/posts\/73929\/revisions"}],"predecessor-version":[{"id":73935,"href":"https:\/\/diariodigitalmx.com\/index.php\/wp-json\/wp\/v2\/posts\/73929\/revisions\/73935"}],"wp:featuredmedia":[{"embeddable":true,"href":"https:\/\/diariodigitalmx.com\/index.php\/wp-json\/wp\/v2\/media\/73931"}],"wp:attachment":[{"href":"https:\/\/diariodigitalmx.com\/index.php\/wp-json\/wp\/v2\/media?parent=73929"}],"wp:term":[{"taxonomy":"category","embeddable":true,"href":"https:\/\/diariodigitalmx.com\/index.php\/wp-json\/wp\/v2\/categories?post=73929"},{"taxonomy":"post_tag","embeddable":true,"href":"https:\/\/diariodigitalmx.com\/index.php\/wp-json\/wp\/v2\/tags?post=73929"}],"curies":[{"name":"wp","href":"https:\/\/api.w.org\/{rel}","templated":true}]}}