{"id":7393,"date":"2019-07-05T18:17:21","date_gmt":"2019-07-05T23:17:21","guid":{"rendered":"http:\/\/diariodigitalmx.com\/?p=7393"},"modified":"2019-07-05T18:21:32","modified_gmt":"2019-07-05T23:21:32","slug":"firma-vaca-con-el-flash","status":"publish","type":"post","link":"https:\/\/diariodigitalmx.com\/index.php\/2019\/07\/05\/firma-vaca-con-el-flash\/","title":{"rendered":"Firma Miguel Vaca con el Flash"},"content":{"rendered":"\n<ul><li><strong>Uno de los mejores mediocampista de la MASL vuelve a estampar su firma con el equipo de f\u00fatbol profesional mexicano para la temporada 2019-2020<\/strong><strong>.<\/strong><\/li><\/ul>\n\n\n\n<p>Por: Ra\u00fal Emigdio Guevara Ortiz.- Con marca de &nbsp;44 goles y 27 asistencias en su haber desde el a\u00f1o 2017 cuando debut\u00f3 con el Monterrey Flash, el medio campista tapat\u00edo &nbsp;Miguel Vaca  firm\u00f3 para portar la playera del equipo regio durante la temporada 2019-2020 de la Major Arena Soccer League.<br><\/p>\n\n\n\n<p>Vaca N\u00fa\u00f1ez de 38 a\u00f1os de edad originario del estado de Jalisco y &nbsp;ex estudiante de la Universidad de Guadalajara, inici\u00f3 su carrera como futbolista en el equipo de los Zorros del Atlas de la Liga Mx donde jug\u00f3 por dos a\u00f1os hasta debutar en el f\u00fatbol r\u00e1pido profesional de la Major Arena Soccer League en la temporada 2016 -2017 con el equipo de los Mustang de Chicago &nbsp;de donde emigr\u00f3 a la ciudad de Monterrey para integrarse a la escuadra del Monterrey Flash durante la temporada 2017- 2018.<br><\/p>\n\n\n\n<p>Durante su estancia &nbsp;dentro del equipo mexicano de f\u00fatbol r\u00e1pido profesional, Miguel Vaca se ha distinguido por ser un aguerrido jugador de mediocampo, &nbsp;capaz de decidir partidos en los momentos m\u00e1s importantes, por lo que su contrataci\u00f3n por tercera temporada consecutiva con el equipo regio ser\u00e1 determinante &nbsp;para la b\u00fasqueda de un nuevo campeonato durante  la temporada 2019-2020 de la Major Arena Soccer League.<br><\/p>\n\n\n\n<p>Con la incorporaci\u00f3n de Vaca ya son tres jugadores los que hasta el momento suma la directiva &nbsp;para el nuevo campeonato, como lo son Dami\u00e1n Garc\u00eda, Edgar \u201cChapa\u201d Flores  y se espera que durante las pr\u00f3ximas semanas sigan integr\u00e1ndose m\u00e1s &nbsp;elementos hasta formar el equipo ideal.<\/p>\n\n\n\n<figure class=\"wp-block-image\"><img loading=\"lazy\" decoding=\"async\" width=\"1024\" height=\"683\" src=\"http:\/\/diariodigitalmx.com\/wp-content\/uploads\/2019\/07\/IMG_9093-1024x683.jpg\" alt=\"\" class=\"wp-image-7397\" srcset=\"https:\/\/diariodigitalmx.com\/wp-content\/uploads\/2019\/07\/IMG_9093-1024x683.jpg 1024w, https:\/\/diariodigitalmx.com\/wp-content\/uploads\/2019\/07\/IMG_9093-300x200.jpg 300w, https:\/\/diariodigitalmx.com\/wp-content\/uploads\/2019\/07\/IMG_9093-768x512.jpg 768w\" sizes=\"(max-width: 1024px) 100vw, 1024px\" \/><\/figure>\n","protected":false},"excerpt":{"rendered":"<p>Uno de los mejores mediocampista de la MASL vuelve a estampar su firma con el equipo de f\u00fatbol profesional mexicano para la temporada 2019-2020. Por: Ra\u00fal Emigdio Guevara Ortiz.- Con marca de &nbsp;44 goles y 27 asistencias en su haber desde el a\u00f1o 2017 cuando debut\u00f3 con el Monterrey Flash, el medio campista tapat\u00edo &nbsp;Miguel [&hellip;]<\/p>\n","protected":false},"author":1,"featured_media":7395,"comment_status":"open","ping_status":"open","sticky":true,"template":"","format":"standard","meta":{"footnotes":""},"categories":[8],"tags":[],"_links":{"self":[{"href":"https:\/\/diariodigitalmx.com\/index.php\/wp-json\/wp\/v2\/posts\/7393"}],"collection":[{"href":"https:\/\/diariodigitalmx.com\/index.php\/wp-json\/wp\/v2\/posts"}],"about":[{"href":"https:\/\/diariodigitalmx.com\/index.php\/wp-json\/wp\/v2\/types\/post"}],"author":[{"embeddable":true,"href":"https:\/\/diariodigitalmx.com\/index.php\/wp-json\/wp\/v2\/users\/1"}],"replies":[{"embeddable":true,"href":"https:\/\/diariodigitalmx.com\/index.php\/wp-json\/wp\/v2\/comments?post=7393"}],"version-history":[{"count":3,"href":"https:\/\/diariodigitalmx.com\/index.php\/wp-json\/wp\/v2\/posts\/7393\/revisions"}],"predecessor-version":[{"id":7399,"href":"https:\/\/diariodigitalmx.com\/index.php\/wp-json\/wp\/v2\/posts\/7393\/revisions\/7399"}],"wp:featuredmedia":[{"embeddable":true,"href":"https:\/\/diariodigitalmx.com\/index.php\/wp-json\/wp\/v2\/media\/7395"}],"wp:attachment":[{"href":"https:\/\/diariodigitalmx.com\/index.php\/wp-json\/wp\/v2\/media?parent=7393"}],"wp:term":[{"taxonomy":"category","embeddable":true,"href":"https:\/\/diariodigitalmx.com\/index.php\/wp-json\/wp\/v2\/categories?post=7393"},{"taxonomy":"post_tag","embeddable":true,"href":"https:\/\/diariodigitalmx.com\/index.php\/wp-json\/wp\/v2\/tags?post=7393"}],"curies":[{"name":"wp","href":"https:\/\/api.w.org\/{rel}","templated":true}]}}