{"id":74000,"date":"2022-04-06T16:14:37","date_gmt":"2022-04-06T21:14:37","guid":{"rendered":"http:\/\/diariodigitalmx.com\/?p=74000"},"modified":"2022-04-06T16:22:07","modified_gmt":"2022-04-06T21:22:07","slug":"en-escobedo-hay-empleo-realizan-feria-y-ofertan-empleo","status":"publish","type":"post","link":"https:\/\/diariodigitalmx.com\/index.php\/2022\/04\/06\/en-escobedo-hay-empleo-realizan-feria-y-ofertan-empleo\/","title":{"rendered":"En Escobedo hay empleo; realizan feria y ofertan vacantes"},"content":{"rendered":"\n<figure class=\"wp-block-video\"><video controls src=\"http:\/\/diariodigitalmx.com\/wp-content\/uploads\/2022\/04\/FERIA-DEL-EMPLEO-ABRIL-MEDIOS-ASPECTOS-ALTA.mp4\"><\/video><\/figure>\n\n\n\n<p>En apoyo a las familias y para continuar con la reactivaci\u00f3n econ\u00f3mica, el Municipio de Escobedo llev\u00f3 a cabo una Brigada de Empleo, en la cual se ofertaron m\u00e1s de mil 600 vacantes.<\/p>\n\n\n\n<figure class=\"wp-block-image size-large\"><img loading=\"lazy\" decoding=\"async\" width=\"1024\" height=\"682\" src=\"http:\/\/diariodigitalmx.com\/wp-content\/uploads\/2022\/04\/IMG-4-1024x682.jpeg\" alt=\"\" class=\"wp-image-74007\" srcset=\"https:\/\/diariodigitalmx.com\/wp-content\/uploads\/2022\/04\/IMG-4-1024x682.jpeg 1024w, https:\/\/diariodigitalmx.com\/wp-content\/uploads\/2022\/04\/IMG-4-300x200.jpeg 300w, https:\/\/diariodigitalmx.com\/wp-content\/uploads\/2022\/04\/IMG-4-768x512.jpeg 768w, https:\/\/diariodigitalmx.com\/wp-content\/uploads\/2022\/04\/IMG-4.jpeg 1280w\" sizes=\"(max-width: 1024px) 100vw, 1024px\" \/><\/figure>\n\n\n\n<p>La actividad se llev\u00f3 a cabo de las 10:00 a las 14:00 horas en el Gimnasio Municipal Felipe Carrillo, ubicado en el cruce de las calles Jos\u00e9 Mar\u00eda Morelos y Heriberto Jara.<\/p>\n\n\n\n<p>El Alcalde dijo que continuar\u00e1n impulsando la vinculaci\u00f3n laboral para fomentar el empleo formal en la poblaci\u00f3n, por lo que esta fue la cuarta Feria de Empleo desde el inicio de la actual Administraci\u00f3n.<\/p>\n\n\n\n<figure class=\"wp-block-image size-large\"><img loading=\"lazy\" decoding=\"async\" width=\"1024\" height=\"682\" src=\"http:\/\/diariodigitalmx.com\/wp-content\/uploads\/2022\/04\/IMG-7-1024x682.jpeg\" alt=\"\" class=\"wp-image-74010\" srcset=\"https:\/\/diariodigitalmx.com\/wp-content\/uploads\/2022\/04\/IMG-7-1024x682.jpeg 1024w, https:\/\/diariodigitalmx.com\/wp-content\/uploads\/2022\/04\/IMG-7-300x200.jpeg 300w, https:\/\/diariodigitalmx.com\/wp-content\/uploads\/2022\/04\/IMG-7-768x512.jpeg 768w, https:\/\/diariodigitalmx.com\/wp-content\/uploads\/2022\/04\/IMG-7.jpeg 1280w\" sizes=\"(max-width: 1024px) 100vw, 1024px\" \/><\/figure>\n\n\n\n<p>En el evento, hubo vacantes para diversos perfiles como t\u00e9cnicos de producci\u00f3n, ayudantes generales, soldadores, almacenistas, auxiliares administrativos, inspectores y supervisores.<\/p>\n\n\n\n<figure class=\"wp-block-image size-large\"><img loading=\"lazy\" decoding=\"async\" width=\"682\" height=\"1024\" src=\"http:\/\/diariodigitalmx.com\/wp-content\/uploads\/2022\/04\/IMG-2-682x1024.jpeg\" alt=\"\" class=\"wp-image-74012\" srcset=\"https:\/\/diariodigitalmx.com\/wp-content\/uploads\/2022\/04\/IMG-2-682x1024.jpeg 682w, https:\/\/diariodigitalmx.com\/wp-content\/uploads\/2022\/04\/IMG-2-200x300.jpeg 200w, https:\/\/diariodigitalmx.com\/wp-content\/uploads\/2022\/04\/IMG-2-768x1152.jpeg 768w, https:\/\/diariodigitalmx.com\/wp-content\/uploads\/2022\/04\/IMG-2.jpeg 853w\" sizes=\"(max-width: 682px) 100vw, 682px\" \/><\/figure>\n\n\n\n<p>Adem\u00e1s, la Secretar\u00eda de Seguridad Ciudadana de Escobedo estuvo reclutando personal para quienes deseen integrarse como polic\u00edas.<\/p>\n\n\n\n<figure class=\"wp-block-gallery columns-3 is-cropped wp-block-gallery-1 is-layout-flex wp-block-gallery-is-layout-flex\"><ul class=\"blocks-gallery-grid\"><li class=\"blocks-gallery-item\"><figure><img loading=\"lazy\" decoding=\"async\" width=\"1024\" height=\"682\" src=\"http:\/\/diariodigitalmx.com\/wp-content\/uploads\/2022\/04\/IMG-3-1024x682.jpeg\" alt=\"\" data-id=\"74015\" data-link=\"http:\/\/diariodigitalmx.com\/index.php\/2022\/04\/06\/en-escobedo-hay-empleo-realizan-feria-y-ofertan-empleo\/img-3\/\" class=\"wp-image-74015\" srcset=\"https:\/\/diariodigitalmx.com\/wp-content\/uploads\/2022\/04\/IMG-3-1024x682.jpeg 1024w, https:\/\/diariodigitalmx.com\/wp-content\/uploads\/2022\/04\/IMG-3-300x200.jpeg 300w, https:\/\/diariodigitalmx.com\/wp-content\/uploads\/2022\/04\/IMG-3-768x512.jpeg 768w, https:\/\/diariodigitalmx.com\/wp-content\/uploads\/2022\/04\/IMG-3.jpeg 1280w\" sizes=\"(max-width: 1024px) 100vw, 1024px\" \/><\/figure><\/li><li class=\"blocks-gallery-item\"><figure><img loading=\"lazy\" decoding=\"async\" width=\"682\" height=\"1024\" src=\"http:\/\/diariodigitalmx.com\/wp-content\/uploads\/2022\/04\/IMG-5-682x1024.jpeg\" alt=\"\" data-id=\"74016\" data-link=\"http:\/\/diariodigitalmx.com\/index.php\/2022\/04\/06\/en-escobedo-hay-empleo-realizan-feria-y-ofertan-empleo\/img-5-2\/\" class=\"wp-image-74016\" srcset=\"https:\/\/diariodigitalmx.com\/wp-content\/uploads\/2022\/04\/IMG-5-682x1024.jpeg 682w, https:\/\/diariodigitalmx.com\/wp-content\/uploads\/2022\/04\/IMG-5-200x300.jpeg 200w, https:\/\/diariodigitalmx.com\/wp-content\/uploads\/2022\/04\/IMG-5-768x1152.jpeg 768w, https:\/\/diariodigitalmx.com\/wp-content\/uploads\/2022\/04\/IMG-5.jpeg 853w\" sizes=\"(max-width: 682px) 100vw, 682px\" \/><\/figure><\/li><li class=\"blocks-gallery-item\"><figure><img loading=\"lazy\" decoding=\"async\" width=\"1024\" height=\"682\" src=\"http:\/\/diariodigitalmx.com\/wp-content\/uploads\/2022\/04\/IMG-6-1024x682.jpeg\" alt=\"\" data-id=\"74018\" data-full-url=\"http:\/\/diariodigitalmx.com\/wp-content\/uploads\/2022\/04\/IMG-6.jpeg\" data-link=\"http:\/\/diariodigitalmx.com\/index.php\/2022\/04\/06\/en-escobedo-hay-empleo-realizan-feria-y-ofertan-empleo\/img-6\/\" class=\"wp-image-74018\" srcset=\"https:\/\/diariodigitalmx.com\/wp-content\/uploads\/2022\/04\/IMG-6-1024x682.jpeg 1024w, https:\/\/diariodigitalmx.com\/wp-content\/uploads\/2022\/04\/IMG-6-300x200.jpeg 300w, https:\/\/diariodigitalmx.com\/wp-content\/uploads\/2022\/04\/IMG-6-768x512.jpeg 768w, https:\/\/diariodigitalmx.com\/wp-content\/uploads\/2022\/04\/IMG-6.jpeg 1280w\" sizes=\"(max-width: 1024px) 100vw, 1024px\" \/><\/figure><\/li><\/ul><\/figure>\n\n\n\n<p>Para m\u00e1s informes sobre oportunidades laborales, el \u00e1rea de Bolsa de Empleo Municipal atiende en el segundo piso de la Torre Administrativa (CIACE) y en el n\u00famero 81 8220 6100, extensiones 1310, 1401 y 1404.<\/p>\n\n\n\n<p>Asimismo, en el correo <a href=\"mailto:bolsaempleoescobedo@hotmail.com\">bolsaempleoescobedo@hotmail.com<\/a>.<\/p>\n\n\n\n<p>Y mantiene una comunicaci\u00f3n directa y pr\u00e1ctica por medio de WhatsApp, en el n\u00famero 81 1761 1673.<\/p>\n","protected":false},"excerpt":{"rendered":"<p>En apoyo a las familias y para continuar con la reactivaci\u00f3n econ\u00f3mica, el Municipio de Escobedo llev\u00f3 a cabo una Brigada de Empleo, en la cual se ofertaron m\u00e1s de mil 600 vacantes. La actividad se llev\u00f3 a cabo de las 10:00 a las 14:00 horas en el Gimnasio Municipal Felipe Carrillo, ubicado en el [&hellip;]<\/p>\n","protected":false},"author":1,"featured_media":74003,"comment_status":"open","ping_status":"open","sticky":true,"template":"","format":"standard","meta":{"footnotes":""},"categories":[6,5],"tags":[],"_links":{"self":[{"href":"https:\/\/diariodigitalmx.com\/index.php\/wp-json\/wp\/v2\/posts\/74000"}],"collection":[{"href":"https:\/\/diariodigitalmx.com\/index.php\/wp-json\/wp\/v2\/posts"}],"about":[{"href":"https:\/\/diariodigitalmx.com\/index.php\/wp-json\/wp\/v2\/types\/post"}],"author":[{"embeddable":true,"href":"https:\/\/diariodigitalmx.com\/index.php\/wp-json\/wp\/v2\/users\/1"}],"replies":[{"embeddable":true,"href":"https:\/\/diariodigitalmx.com\/index.php\/wp-json\/wp\/v2\/comments?post=74000"}],"version-history":[{"count":8,"href":"https:\/\/diariodigitalmx.com\/index.php\/wp-json\/wp\/v2\/posts\/74000\/revisions"}],"predecessor-version":[{"id":74019,"href":"https:\/\/diariodigitalmx.com\/index.php\/wp-json\/wp\/v2\/posts\/74000\/revisions\/74019"}],"wp:featuredmedia":[{"embeddable":true,"href":"https:\/\/diariodigitalmx.com\/index.php\/wp-json\/wp\/v2\/media\/74003"}],"wp:attachment":[{"href":"https:\/\/diariodigitalmx.com\/index.php\/wp-json\/wp\/v2\/media?parent=74000"}],"wp:term":[{"taxonomy":"category","embeddable":true,"href":"https:\/\/diariodigitalmx.com\/index.php\/wp-json\/wp\/v2\/categories?post=74000"},{"taxonomy":"post_tag","embeddable":true,"href":"https:\/\/diariodigitalmx.com\/index.php\/wp-json\/wp\/v2\/tags?post=74000"}],"curies":[{"name":"wp","href":"https:\/\/api.w.org\/{rel}","templated":true}]}}