{"id":74020,"date":"2022-04-06T19:27:53","date_gmt":"2022-04-07T00:27:53","guid":{"rendered":"http:\/\/diariodigitalmx.com\/?p=74020"},"modified":"2022-04-06T19:32:12","modified_gmt":"2022-04-07T00:32:12","slug":"monterrey-sin-agua-arde-incendios-al-por-mayor","status":"publish","type":"post","link":"https:\/\/diariodigitalmx.com\/index.php\/2022\/04\/06\/monterrey-sin-agua-arde-incendios-al-por-mayor\/","title":{"rendered":"Monterrey sin agua, arde; incendios al por mayor"},"content":{"rendered":"\n<figure class=\"wp-block-video\"><video controls src=\"http:\/\/diariodigitalmx.com\/wp-content\/uploads\/2022\/04\/VID-20220406-WA0022.mp4\"><\/video><\/figure>\n\n\n\n<p> <\/p>\n\n\n\n<p>Monterrey &#8211;&nbsp; Sin agua y con temperaturas de hasta 40 grados, la zona metropolitana regia y la Sierra de Santiago arden.&nbsp;<\/p>\n\n\n\n<p>Cuando estaba a punto de ser exterminado, volvi\u00f3 a reactivarse el fuego en la Sierra de Santiago, por lo que se tuvieron que evacuar a unas 30 personas en helic\u00f3ptero en el paraje llamado La Camotera.<\/p>\n\n\n\n<figure class=\"wp-block-image size-large\"><img loading=\"lazy\" decoding=\"async\" width=\"1024\" height=\"768\" src=\"http:\/\/diariodigitalmx.com\/wp-content\/uploads\/2022\/04\/FB_IMG_1649291142273-1024x768.jpg\" alt=\"\" class=\"wp-image-74026\" srcset=\"https:\/\/diariodigitalmx.com\/wp-content\/uploads\/2022\/04\/FB_IMG_1649291142273-1024x768.jpg 1024w, https:\/\/diariodigitalmx.com\/wp-content\/uploads\/2022\/04\/FB_IMG_1649291142273-300x225.jpg 300w, https:\/\/diariodigitalmx.com\/wp-content\/uploads\/2022\/04\/FB_IMG_1649291142273-768x576.jpg 768w, https:\/\/diariodigitalmx.com\/wp-content\/uploads\/2022\/04\/FB_IMG_1649291142273.jpg 1080w\" sizes=\"(max-width: 1024px) 100vw, 1024px\" \/><\/figure>\n\n\n\n<p>Un parte de Protecci\u00f3n Civil estatal se\u00f1ala que el incendio se sali\u00f3 de control debido a las altas temperaturas y las r\u00e1fagas de viento superiores a los 70 kil\u00f3metros por hora, adem\u00e1s de que se alert\u00f3 a la poblaci\u00f3n por denso humo en la zona.<\/p>\n\n\n\n<figure class=\"wp-block-image size-large\"><img loading=\"lazy\" decoding=\"async\" width=\"1024\" height=\"576\" src=\"http:\/\/diariodigitalmx.com\/wp-content\/uploads\/2022\/04\/FB_IMG_1649291152056-1024x576.jpg\" alt=\"\" class=\"wp-image-74028\" srcset=\"https:\/\/diariodigitalmx.com\/wp-content\/uploads\/2022\/04\/FB_IMG_1649291152056-1024x576.jpg 1024w, https:\/\/diariodigitalmx.com\/wp-content\/uploads\/2022\/04\/FB_IMG_1649291152056-300x169.jpg 300w, https:\/\/diariodigitalmx.com\/wp-content\/uploads\/2022\/04\/FB_IMG_1649291152056-768x432.jpg 768w, https:\/\/diariodigitalmx.com\/wp-content\/uploads\/2022\/04\/FB_IMG_1649291152056.jpg 1080w\" sizes=\"(max-width: 1024px) 100vw, 1024px\" \/><\/figure>\n\n\n\n<p>Ante el riesgo de que el fuego llegue a una zona poblada se solicit\u00f3 combatirlo por aire e impedir el acceso de personas.&nbsp;<\/p>\n\n\n\n<p>Al parecer, troncos secos en el Cerro del Muerto reavivaron el fuego&nbsp; y provocaron una extensa columna de humo que se ve\u00eda desde algunas partes de Monterrey.&nbsp;<\/p>\n\n\n\n<p>El Gobernador Samuel Garc\u00eda confirm\u00f3 el fuego que es combatido por 380 brigadistas, cuatro aeronaves y dos helic\u00f3pteros m\u00e1s que estaban en camino la tarde del mi\u00e9rcoles.<\/p>\n\n\n\n<figure class=\"wp-block-video\"><video controls src=\"http:\/\/diariodigitalmx.com\/wp-content\/uploads\/2022\/04\/VID-20220406-WA0023.mp4\"><\/video><\/figure>\n\n\n\n<p>Bomberos repleta 17 incendios en la zona metropolitana de Monterrey&nbsp;<\/p>\n\n\n\n<p>Por otro lado, Alejandro Z\u00fa\u00f1iga comandante de Bomberos de Nuevo Le\u00f3n inform\u00f3 que en ocho horas se hab\u00edan reportado 17 incendios diversos.&nbsp;<\/p>\n\n\n\n<p>&#8220;En el turno que empez\u00f3 a las nueve de la ma\u00f1ana, hasta ahorita a las cuatro, por cerrar, llevamos 17 servicios hasta este momento. Han sido servicios grandes, terrenos bald\u00edos y tiraderos de basura, han demandado mucho tiempo y sobre todo unidades&#8221;.<\/p>\n\n\n\n<p>Los bomberos consideraron que ser\u00eda un d\u00eda dif\u00edcil porque est\u00e1 pronosticada una onda fr\u00eda moderada a partir del jueves y este tipo de fen\u00f3menos viene precedido de fuertes vientos.<\/p>\n\n\n\n<p>El martes se registraron 24 incendios diversos en el \u00e1rea conurbada.&nbsp;<\/p>\n\n\n\n<p>En el Cerro de las Mitras, al ponente de la zona metropolitana se registran dos incendios en puntos distintos que son combatidos por los cuerpos de auxilio.&nbsp;<\/p>\n","protected":false},"excerpt":{"rendered":"<p>Monterrey &#8211;&nbsp; Sin agua y con temperaturas de hasta 40 grados, la zona metropolitana regia y la Sierra de Santiago arden.&nbsp; Cuando estaba a punto de ser exterminado, volvi\u00f3 a reactivarse el fuego en la Sierra de Santiago, por lo que se tuvieron que evacuar a unas 30 personas en helic\u00f3ptero en el paraje llamado [&hellip;]<\/p>\n","protected":false},"author":1,"featured_media":74022,"comment_status":"open","ping_status":"open","sticky":true,"template":"","format":"standard","meta":{"footnotes":""},"categories":[3,7],"tags":[],"_links":{"self":[{"href":"https:\/\/diariodigitalmx.com\/index.php\/wp-json\/wp\/v2\/posts\/74020"}],"collection":[{"href":"https:\/\/diariodigitalmx.com\/index.php\/wp-json\/wp\/v2\/posts"}],"about":[{"href":"https:\/\/diariodigitalmx.com\/index.php\/wp-json\/wp\/v2\/types\/post"}],"author":[{"embeddable":true,"href":"https:\/\/diariodigitalmx.com\/index.php\/wp-json\/wp\/v2\/users\/1"}],"replies":[{"embeddable":true,"href":"https:\/\/diariodigitalmx.com\/index.php\/wp-json\/wp\/v2\/comments?post=74020"}],"version-history":[{"count":7,"href":"https:\/\/diariodigitalmx.com\/index.php\/wp-json\/wp\/v2\/posts\/74020\/revisions"}],"predecessor-version":[{"id":74035,"href":"https:\/\/diariodigitalmx.com\/index.php\/wp-json\/wp\/v2\/posts\/74020\/revisions\/74035"}],"wp:featuredmedia":[{"embeddable":true,"href":"https:\/\/diariodigitalmx.com\/index.php\/wp-json\/wp\/v2\/media\/74022"}],"wp:attachment":[{"href":"https:\/\/diariodigitalmx.com\/index.php\/wp-json\/wp\/v2\/media?parent=74020"}],"wp:term":[{"taxonomy":"category","embeddable":true,"href":"https:\/\/diariodigitalmx.com\/index.php\/wp-json\/wp\/v2\/categories?post=74020"},{"taxonomy":"post_tag","embeddable":true,"href":"https:\/\/diariodigitalmx.com\/index.php\/wp-json\/wp\/v2\/tags?post=74020"}],"curies":[{"name":"wp","href":"https:\/\/api.w.org\/{rel}","templated":true}]}}