{"id":74036,"date":"2022-04-06T19:43:34","date_gmt":"2022-04-07T00:43:34","guid":{"rendered":"http:\/\/diariodigitalmx.com\/?p=74036"},"modified":"2022-04-06T19:44:16","modified_gmt":"2022-04-07T00:44:16","slug":"el-maistro-torres-y-samuel","status":"publish","type":"post","link":"https:\/\/diariodigitalmx.com\/index.php\/2022\/04\/06\/el-maistro-torres-y-samuel\/","title":{"rendered":"El \u201cMaistro Torres\u201d y Samuel"},"content":{"rendered":"\n<p><\/p>\n\n\n\n<p>Por Salvador Hern\u00e1ndez <strong><em>LANDEROS<\/em><\/strong><\/p>\n\n\n\n<p>Decir la verdad no es un insulto. N<strong><em>o es necesario llegar a la ofensa para criticar la falta de capacidad de un servidor p\u00fablico<\/em><\/strong>, sea este alcalde o gobernador.&nbsp;<\/p>\n\n\n\n<p><strong><em>Basta aplicar sapiencia y un lenguaje \u201cde lujo\u201d<\/em><\/strong> para el calificativo <strong><em>con el cual se pretenda se\u00f1alar a alguien de inepto, ignorante, incapaz o torpe.<\/em><\/strong><\/p>\n\n\n\n<p>El joven Samuel Garc\u00eda, con el sesgo de arresto de 36 horas a quien \u00e9l considere le falte al respeto<strong><em>, podr\u00eda estar atentando contra la libertad de expresi\u00f3n<\/em><\/strong>.<\/p>\n\n\n\n<p>La paternidad de la iniciativa de Reforma a la Constituci\u00f3n de NL, seg\u00fan se comenta, <strong><em>no es propiamente de Samuel, sino de sus principales asesores.<\/em><\/strong><\/p>\n\n\n\n<p>El documento ya est\u00e1 en el Congreso y su aprobaci\u00f3n recae en los diputados, locales <strong><em>quienes podr\u00e1n sacar raja a su conveniencia, en cuanto a ese arresto.<\/em><\/strong><\/p>\n\n\n\n<p>A la iniciativa, conociendo que Samuel Garc\u00eda no aplica un lenguaje digno a su linaje,<strong><em> valdr\u00eda empatar y exigir igual respeto hacia las personas contrarias<\/em><\/strong>.<\/p>\n\n\n\n<p>Sorprende la <strong><em>\u201cdelgada piel<\/em><\/strong>\u201d de Samuel. Y <strong><em>sin la intenci\u00f3n de ofenderlo, los zapatos de un Mart\u00ednez Dom\u00ednguez y hasta de otros, le quedan muy grandes.<\/em><\/strong><\/p>\n\n\n\n<p>Se imaginan si viviera don Hermenegildo L\u00f3pez Torres, mejor conocido como <strong><em>\u201cEl Maistro Torres\u201d, quien el 28 de diciembre de 1958 fund\u00f3 el P.U.P.*<\/em><\/strong><\/p>\n\n\n\n<p><strong><em>El Partido* \u201cPor la Unificaci\u00f3n de los Pen\u2026tontos\u201d, por deseo potestativo lleg\u00f3 a tener el mayor n\u00famero de afiliados<\/em><\/strong> en NL, Tamaulipas y Coahuila.<\/p>\n\n\n\n<p>De oficio grabador en metales y con mucho ingenio, de existir y con ese arresto de 36 horas, <strong><em>de seguro que \u201cEl Maistro Torres\u201d, alcanzar\u00eda cadena perpetua.<\/em><\/strong><\/p>\n\n\n\n<p><strong><em>Samuel Garc\u00eda, naci\u00f3 un 28 de diciembre y no tiene nada de \u201csanto inocente\u201d, pero no por eso la Iglesia Cat\u00f3lica lo va a excomulgar. El que entendi\u00f3, entendi\u00f3.&nbsp;<\/em><\/strong><\/p>\n\n\n\n<p><a href=\"mailto:chavalolanderos@yahoo.com.mx\"><strong><em>chavalolanderos@yahoo.com.mx<\/em><\/strong><\/a><\/p>\n","protected":false},"excerpt":{"rendered":"<p>Por Salvador Hern\u00e1ndez LANDEROS Decir la verdad no es un insulto. No es necesario llegar a la ofensa para criticar la falta de capacidad de un servidor p\u00fablico, sea este alcalde o gobernador.&nbsp; Basta aplicar sapiencia y un lenguaje \u201cde lujo\u201d para el calificativo con el cual se pretenda se\u00f1alar a alguien de inepto, ignorante, [&hellip;]<\/p>\n","protected":false},"author":1,"featured_media":74038,"comment_status":"open","ping_status":"open","sticky":true,"template":"","format":"standard","meta":{"footnotes":""},"categories":[14,12],"tags":[],"_links":{"self":[{"href":"https:\/\/diariodigitalmx.com\/index.php\/wp-json\/wp\/v2\/posts\/74036"}],"collection":[{"href":"https:\/\/diariodigitalmx.com\/index.php\/wp-json\/wp\/v2\/posts"}],"about":[{"href":"https:\/\/diariodigitalmx.com\/index.php\/wp-json\/wp\/v2\/types\/post"}],"author":[{"embeddable":true,"href":"https:\/\/diariodigitalmx.com\/index.php\/wp-json\/wp\/v2\/users\/1"}],"replies":[{"embeddable":true,"href":"https:\/\/diariodigitalmx.com\/index.php\/wp-json\/wp\/v2\/comments?post=74036"}],"version-history":[{"count":1,"href":"https:\/\/diariodigitalmx.com\/index.php\/wp-json\/wp\/v2\/posts\/74036\/revisions"}],"predecessor-version":[{"id":74037,"href":"https:\/\/diariodigitalmx.com\/index.php\/wp-json\/wp\/v2\/posts\/74036\/revisions\/74037"}],"wp:featuredmedia":[{"embeddable":true,"href":"https:\/\/diariodigitalmx.com\/index.php\/wp-json\/wp\/v2\/media\/74038"}],"wp:attachment":[{"href":"https:\/\/diariodigitalmx.com\/index.php\/wp-json\/wp\/v2\/media?parent=74036"}],"wp:term":[{"taxonomy":"category","embeddable":true,"href":"https:\/\/diariodigitalmx.com\/index.php\/wp-json\/wp\/v2\/categories?post=74036"},{"taxonomy":"post_tag","embeddable":true,"href":"https:\/\/diariodigitalmx.com\/index.php\/wp-json\/wp\/v2\/tags?post=74036"}],"curies":[{"name":"wp","href":"https:\/\/api.w.org\/{rel}","templated":true}]}}