{"id":7405,"date":"2019-07-05T19:44:10","date_gmt":"2019-07-06T00:44:10","guid":{"rendered":"http:\/\/diariodigitalmx.com\/?p=7405"},"modified":"2019-07-05T19:44:53","modified_gmt":"2019-07-06T00:44:53","slug":"anuncian-amparo-colectivo-a-favor-de-mas-de-dos-mil-conductores-de-aplicaciones-digitales","status":"publish","type":"post","link":"https:\/\/diariodigitalmx.com\/index.php\/2019\/07\/05\/anuncian-amparo-colectivo-a-favor-de-mas-de-dos-mil-conductores-de-aplicaciones-digitales\/","title":{"rendered":"Anuncian amparo colectivo a favor de m\u00e1s de dos mil conductores de aplicaciones digitales"},"content":{"rendered":"\n<p>*Encabeza Karina Barr\u00f3n junto a otros legisladores y l\u00edderes la defensa de los taxistas de aplicaciones<\/p>\n\n\n\n<p>Al se\u00f1alar que los operativos, retenciones de veh\u00edculos y multas contra conductores Uber, Didi y Cabify, se est\u00e1n realizando de manera ilegal, los diputados Karina Barr\u00f3n y Horacio Tijerina de Movimiento Ciudadano, Claudia Caballero del PAN y Pedro Alejo Rodr\u00edguez de la ONG, \u201cCiudadano Empoderado\u201d, anunciaron la presentaci\u00f3n el pr\u00f3ximo lunes de un amparo colectivo y amparos individuales, as\u00ed como un frente com\u00fan para apoyar a los afectados y que ser\u00e1n  dos mil 250.<\/p>\n\n\n\n<p>En rueda de prensa la diputada Karina Barr\u00f3n, explic\u00f3 que su equipo jur\u00eddico tiene listo un amparo colectivo para combatir la ilegalidad de los operativos contra los conductores de aplicaciones digitales, as\u00ed como contra el uso de la fuerza p\u00fablica y la aplicaci\u00f3n de sanciones fuera del marco de la ley.<\/p>\n\n\n\n<p>As\u00ed mismo explic\u00f3 que en el caso de los conductores que ya fueron afectados con la retenci\u00f3n de su veh\u00edculo en un operativo de la Agencia Estatal del Transporte, se les apoyar\u00e1 para la promoci\u00f3n de amparos individuales, donde se busca que mediante una suspensi\u00f3n provisional, se pueda dejar sin efectos la retenci\u00f3n del veh\u00edculo y los afectados puedan seguir trabajando.<\/p>\n\n\n\n<p>\u201cLos recursos son contra los operativos ilegales, contra la Secretar\u00eda de Seguridad P\u00fablica, el Gobierno del Estado, la Agencia Estatal del Transporte y otras autoridades, por violentar derechos como el libre tr\u00e1nsito, la libertad del trabajo, y la intenci\u00f3n es que se les permita seguir trabajando honradamente como hasta ahora lo ven\u00edan haciendo\u201d.<\/p>\n\n\n\n<p>\u201cQue lamentable que Gobierno del Estado, este haciendo una cacer\u00eda contra gente que a final de cuentas se est\u00e1 ganando la vida con trabajo, ojal\u00e1 que estos esfuerzos que se est\u00e1n haciendo y la buena manera en que se est\u00e1n organizando para esta cacer\u00eda, pues fuera para combatir la delincuencia organizada, los feminicidios, contra la corrupci\u00f3n\u201d, dijo Karina Barr\u00f3n de Movimiento Ciudadano.<\/p>\n\n\n\n<p>Por su parte, Pedro Alejo Rodr\u00edguez, invit\u00f3 a los compa\u00f1eros afectados y conductores de las plataformas digitales de transporte privado, a que se sumen al amparo colectivo y se organicen para exigir al Gobierno del Estado que frene la represi\u00f3n contra su actividad.<\/p>\n\n\n\n<p>\u201cAcordamos crear un frente com\u00fan con conductores de aplicaciones UBER, DIDI y dem\u00e1s aplicaciones, y en este momento hacemos un llamado a los conductores para que se acerquen, que la uni\u00f3n hace la fuerza\u201d, dijo.<\/p>\n\n\n\n<p>En tanto Claudia Caballero del PAN, explic\u00f3 que ya hubo un acercamiento con las empresas UBER, DIDI y Cabify, en las que se compromete a pagar las multas que les aplicaron al momento en que brindaban el servicio, y cuestion\u00f3 los operativos al destacar que a nivel federal ya hay resoluciones de la corte que permiten est\u00e1 actividad, adem\u00e1s de que pagan impuestos a Hacienda P\u00fablica y cuentan con papeler\u00eda y seguros de vida en regla.<\/p>\n\n\n\n<p>Finalmente el diputado Horacio Tijerina, cuestion\u00f3 por qu\u00e9 en estos tiempos el gobierno del Estado ha iniciado estos operativos, y qu\u00e9 hay detr\u00e1s de este accionar irregular de la Agencia Estatal del Transporte.<\/p>\n\n\n\n<p>Jueves y viernes se recibieron las copias de credencial de elector y firmas de las personas interesadas en sumarse al amparo colectivo.<\/p>\n\n\n\n<p><\/p>\n\n\n\n<figure class=\"wp-block-image\"><img loading=\"lazy\" decoding=\"async\" width=\"1024\" height=\"682\" src=\"http:\/\/diariodigitalmx.com\/wp-content\/uploads\/2019\/07\/IMG-20190705-WA0008-1024x682.jpg\" alt=\"\" class=\"wp-image-7410\" srcset=\"https:\/\/diariodigitalmx.com\/wp-content\/uploads\/2019\/07\/IMG-20190705-WA0008-1024x682.jpg 1024w, https:\/\/diariodigitalmx.com\/wp-content\/uploads\/2019\/07\/IMG-20190705-WA0008-300x200.jpg 300w, https:\/\/diariodigitalmx.com\/wp-content\/uploads\/2019\/07\/IMG-20190705-WA0008-768x511.jpg 768w, https:\/\/diariodigitalmx.com\/wp-content\/uploads\/2019\/07\/IMG-20190705-WA0008.jpg 1280w\" sizes=\"(max-width: 1024px) 100vw, 1024px\" \/><\/figure>\n","protected":false},"excerpt":{"rendered":"<p>*Encabeza Karina Barr\u00f3n junto a otros legisladores y l\u00edderes la defensa de los taxistas de aplicaciones Al se\u00f1alar que los operativos, retenciones de veh\u00edculos y multas contra conductores Uber, Didi y Cabify, se est\u00e1n realizando de manera ilegal, los diputados Karina Barr\u00f3n y Horacio Tijerina de Movimiento Ciudadano, Claudia Caballero del PAN y Pedro Alejo [&hellip;]<\/p>\n","protected":false},"author":1,"featured_media":7408,"comment_status":"open","ping_status":"open","sticky":true,"template":"","format":"standard","meta":{"footnotes":""},"categories":[6],"tags":[],"_links":{"self":[{"href":"https:\/\/diariodigitalmx.com\/index.php\/wp-json\/wp\/v2\/posts\/7405"}],"collection":[{"href":"https:\/\/diariodigitalmx.com\/index.php\/wp-json\/wp\/v2\/posts"}],"about":[{"href":"https:\/\/diariodigitalmx.com\/index.php\/wp-json\/wp\/v2\/types\/post"}],"author":[{"embeddable":true,"href":"https:\/\/diariodigitalmx.com\/index.php\/wp-json\/wp\/v2\/users\/1"}],"replies":[{"embeddable":true,"href":"https:\/\/diariodigitalmx.com\/index.php\/wp-json\/wp\/v2\/comments?post=7405"}],"version-history":[{"count":3,"href":"https:\/\/diariodigitalmx.com\/index.php\/wp-json\/wp\/v2\/posts\/7405\/revisions"}],"predecessor-version":[{"id":7411,"href":"https:\/\/diariodigitalmx.com\/index.php\/wp-json\/wp\/v2\/posts\/7405\/revisions\/7411"}],"wp:featuredmedia":[{"embeddable":true,"href":"https:\/\/diariodigitalmx.com\/index.php\/wp-json\/wp\/v2\/media\/7408"}],"wp:attachment":[{"href":"https:\/\/diariodigitalmx.com\/index.php\/wp-json\/wp\/v2\/media?parent=7405"}],"wp:term":[{"taxonomy":"category","embeddable":true,"href":"https:\/\/diariodigitalmx.com\/index.php\/wp-json\/wp\/v2\/categories?post=7405"},{"taxonomy":"post_tag","embeddable":true,"href":"https:\/\/diariodigitalmx.com\/index.php\/wp-json\/wp\/v2\/tags?post=7405"}],"curies":[{"name":"wp","href":"https:\/\/api.w.org\/{rel}","templated":true}]}}