{"id":74051,"date":"2022-04-07T05:29:35","date_gmt":"2022-04-07T10:29:35","guid":{"rendered":"http:\/\/diariodigitalmx.com\/?p=74051"},"modified":"2022-04-07T05:29:59","modified_gmt":"2022-04-07T10:29:59","slug":"aprehenden-a-cientos-de-migrantes-en-texas","status":"publish","type":"post","link":"https:\/\/diariodigitalmx.com\/index.php\/2022\/04\/07\/aprehenden-a-cientos-de-migrantes-en-texas\/","title":{"rendered":"Aprehenden a cientos de  migrantes en Texas"},"content":{"rendered":"\n<p><\/p>\n\n\n\n<p>Por Rogelio Romero<\/p>\n\n\n\n<p>McAllen, Texas.- La Patrulla Fronteriza inform\u00f3 que en lo que va de la presente semana, han sido&nbsp; detenidos 802 migrantes que viajaban en 6 grupos por diferentes zonas rurales del Sur de Texas.<\/p>\n\n\n\n<p>El pasado lunes por la noche en la comunidad de La Grulla, las autoridades federales detuvieron a un grupo de 155 migrantes, esto cerca de donde el gobierno de Texas construye una barda con la que se busca impedir el cruce de personas indocumentadas.<\/p>\n\n\n\n<p>Otro grupo de 120 indocumentados fue detenido cerca de la comunidad de Roma en el condado Starr, entre ellos se encontraban&nbsp; 34 ni\u00f1os no acompa\u00f1ados.<\/p>\n\n\n\n<p>La PF se\u00f1al\u00f3 que desde el pasado fin de semana entre estos grandes grupos de migrantes detenidos se&nbsp; encuentran 527 personas que solicitaron asilo humanitario.<\/p>\n\n\n\n<p>REACCIONES<\/p>\n\n\n\n<p>El alcalde republicano de McAllen, Javier Villalobos, se\u00f1al\u00f3 en un video dado a conocer&nbsp; el pasado lunes que; \u201cla suspensi\u00f3n definitiva de la medida de T\u00edtulo 42 (mayo 23) podr\u00eda traer un resurgimiento de una oleada migratoria sin precedentes en la regi\u00f3n\u201d.<\/p>\n\n\n\n<p>Villalobos puntualiz\u00f3 que la ciudad se ver\u00eda rebasada en su capacidad y recursos si esto sucede.<\/p>\n\n\n\n<p>En Brownsville organizaciones humanitarias se\u00f1alaron que se est\u00e1 atendiendo a un promedio de 300 migrantes diarios.<\/p>\n\n\n\n<p>Mientras la organizaci\u00f3n Caridades Cat\u00f3licas agreg\u00f3, que entre 150 a 200 migrantes diarios son recibidos en sus instalaciones, pero que la suspensi\u00f3n de la pol\u00edtica migratoria restrictiva podr\u00eda incrementar la llegada de un mayor n\u00famero de migrantes que buscan asilo humanitario en Estados Unidos.<\/p>\n","protected":false},"excerpt":{"rendered":"<p>Por Rogelio Romero McAllen, Texas.- La Patrulla Fronteriza inform\u00f3 que en lo que va de la presente semana, han sido&nbsp; detenidos 802 migrantes que viajaban en 6 grupos por diferentes zonas rurales del Sur de Texas. El pasado lunes por la noche en la comunidad de La Grulla, las autoridades federales detuvieron a un grupo [&hellip;]<\/p>\n","protected":false},"author":1,"featured_media":74053,"comment_status":"open","ping_status":"open","sticky":true,"template":"","format":"standard","meta":{"footnotes":""},"categories":[14,4],"tags":[],"_links":{"self":[{"href":"https:\/\/diariodigitalmx.com\/index.php\/wp-json\/wp\/v2\/posts\/74051"}],"collection":[{"href":"https:\/\/diariodigitalmx.com\/index.php\/wp-json\/wp\/v2\/posts"}],"about":[{"href":"https:\/\/diariodigitalmx.com\/index.php\/wp-json\/wp\/v2\/types\/post"}],"author":[{"embeddable":true,"href":"https:\/\/diariodigitalmx.com\/index.php\/wp-json\/wp\/v2\/users\/1"}],"replies":[{"embeddable":true,"href":"https:\/\/diariodigitalmx.com\/index.php\/wp-json\/wp\/v2\/comments?post=74051"}],"version-history":[{"count":1,"href":"https:\/\/diariodigitalmx.com\/index.php\/wp-json\/wp\/v2\/posts\/74051\/revisions"}],"predecessor-version":[{"id":74052,"href":"https:\/\/diariodigitalmx.com\/index.php\/wp-json\/wp\/v2\/posts\/74051\/revisions\/74052"}],"wp:featuredmedia":[{"embeddable":true,"href":"https:\/\/diariodigitalmx.com\/index.php\/wp-json\/wp\/v2\/media\/74053"}],"wp:attachment":[{"href":"https:\/\/diariodigitalmx.com\/index.php\/wp-json\/wp\/v2\/media?parent=74051"}],"wp:term":[{"taxonomy":"category","embeddable":true,"href":"https:\/\/diariodigitalmx.com\/index.php\/wp-json\/wp\/v2\/categories?post=74051"},{"taxonomy":"post_tag","embeddable":true,"href":"https:\/\/diariodigitalmx.com\/index.php\/wp-json\/wp\/v2\/tags?post=74051"}],"curies":[{"name":"wp","href":"https:\/\/api.w.org\/{rel}","templated":true}]}}