{"id":74154,"date":"2022-04-09T16:06:59","date_gmt":"2022-04-09T21:06:59","guid":{"rendered":"http:\/\/diariodigitalmx.com\/?p=74154"},"modified":"2022-04-09T16:07:33","modified_gmt":"2022-04-09T21:07:33","slug":"confirma-fgjnl-muerte-de-maria-fernanda","status":"publish","type":"post","link":"https:\/\/diariodigitalmx.com\/index.php\/2022\/04\/09\/confirma-fgjnl-muerte-de-maria-fernanda\/","title":{"rendered":"Confirma FGJNL muerte de Mar\u00eda Fernanda"},"content":{"rendered":"\n<p><\/p>\n\n\n\n<p>Monterrey &#8211; Las autoridades estatales hicieron oficial la confirmaci\u00f3n de la muerte de Mar\u00eda Fernanda, desaparecida el domingo pasado.&nbsp;<\/p>\n\n\n\n<p>La Fiscal\u00eda General de Justicia de Nuevo Le\u00f3n confirm\u00f3 la muerte de Mar\u00eda Fernanda Contreras Ruiz, de 37 a\u00f1os.&nbsp;<\/p>\n\n\n\n<p>Tras las pruebas gen\u00e9ticas realizadas a sus padres y al cuerpo de la mujer encontrada en una casa del municipio de Apodaca, se estableci\u00f3 que corresponden a Mar\u00eda Fernanda.&nbsp;<\/p>\n\n\n\n<p>La causa de la muerte es contusi\u00f3n profunda de cr\u00e1neo.&nbsp;<\/p>\n\n\n\n<p>&#8220;Se establece que la identidad del cuerpo de sexo femenino encontrado el 07 de abril del 2022 en un domicilio ubicado en calle Circuito de las Fincas, colonia Ex Hacienda Santa Rosa, en Apodaca, NL, corresponde a Mar\u00eda Fernanda, de 27 a\u00f1os de edad<\/p>\n\n\n\n<p>&#8220;Causa de muerte: Contusi\u00f3n profunda de cr\u00e1neo&#8221;, establece el reporte sobre el resultado del laboratorio.&nbsp;<\/p>\n\n\n\n<p>El cuerpo fue encontrado en una casa de la Colonia Ex Hacienda Santa Rosa el viernes por la madrugada durante un cateo como parte de la investigaci\u00f3n de b\u00fasqueda, y tras de que hab\u00edan rastreado ese lugar los polic\u00edas, por medio del GPS de su tel\u00e9fono.&nbsp;<\/p>\n\n\n\n<p>Ahora la polic\u00eda abri\u00f3 una investigaci\u00f3n sobre los hechos y se sabe extraoficialmente qu\u00e9 se busca a un presunto amigo de Mar\u00eda Fernanda, con quien se habr\u00eda visto el domingo.&nbsp;<\/p>\n\n\n\n<p>Una t\u00eda de Mar\u00eda Fernanda hab\u00eda confirmado su muerte a trav\u00e9s de redes sociales, pero la versi\u00f3n oficial la dio la Fiscal\u00eda la tarde de este s\u00e1bado.&nbsp;<\/p>\n","protected":false},"excerpt":{"rendered":"<p>Monterrey &#8211; Las autoridades estatales hicieron oficial la confirmaci\u00f3n de la muerte de Mar\u00eda Fernanda, desaparecida el domingo pasado.&nbsp; La Fiscal\u00eda General de Justicia de Nuevo Le\u00f3n confirm\u00f3 la muerte de Mar\u00eda Fernanda Contreras Ruiz, de 37 a\u00f1os.&nbsp; Tras las pruebas gen\u00e9ticas realizadas a sus padres y al cuerpo de la mujer encontrada en una [&hellip;]<\/p>\n","protected":false},"author":1,"featured_media":74150,"comment_status":"open","ping_status":"open","sticky":true,"template":"","format":"standard","meta":{"footnotes":""},"categories":[3,7],"tags":[],"_links":{"self":[{"href":"https:\/\/diariodigitalmx.com\/index.php\/wp-json\/wp\/v2\/posts\/74154"}],"collection":[{"href":"https:\/\/diariodigitalmx.com\/index.php\/wp-json\/wp\/v2\/posts"}],"about":[{"href":"https:\/\/diariodigitalmx.com\/index.php\/wp-json\/wp\/v2\/types\/post"}],"author":[{"embeddable":true,"href":"https:\/\/diariodigitalmx.com\/index.php\/wp-json\/wp\/v2\/users\/1"}],"replies":[{"embeddable":true,"href":"https:\/\/diariodigitalmx.com\/index.php\/wp-json\/wp\/v2\/comments?post=74154"}],"version-history":[{"count":1,"href":"https:\/\/diariodigitalmx.com\/index.php\/wp-json\/wp\/v2\/posts\/74154\/revisions"}],"predecessor-version":[{"id":74155,"href":"https:\/\/diariodigitalmx.com\/index.php\/wp-json\/wp\/v2\/posts\/74154\/revisions\/74155"}],"wp:featuredmedia":[{"embeddable":true,"href":"https:\/\/diariodigitalmx.com\/index.php\/wp-json\/wp\/v2\/media\/74150"}],"wp:attachment":[{"href":"https:\/\/diariodigitalmx.com\/index.php\/wp-json\/wp\/v2\/media?parent=74154"}],"wp:term":[{"taxonomy":"category","embeddable":true,"href":"https:\/\/diariodigitalmx.com\/index.php\/wp-json\/wp\/v2\/categories?post=74154"},{"taxonomy":"post_tag","embeddable":true,"href":"https:\/\/diariodigitalmx.com\/index.php\/wp-json\/wp\/v2\/tags?post=74154"}],"curies":[{"name":"wp","href":"https:\/\/api.w.org\/{rel}","templated":true}]}}