{"id":74216,"date":"2022-04-10T17:32:30","date_gmt":"2022-04-10T22:32:30","guid":{"rendered":"http:\/\/diariodigitalmx.com\/?p=74216"},"modified":"2022-04-10T17:35:35","modified_gmt":"2022-04-10T22:35:35","slug":"mujeres-vuelven-a-tomar-calles-regias","status":"publish","type":"post","link":"https:\/\/diariodigitalmx.com\/index.php\/2022\/04\/10\/mujeres-vuelven-a-tomar-calles-regias\/","title":{"rendered":"Mujeres vuelven a tomar calles regias"},"content":{"rendered":"\n<p>&nbsp;<\/p>\n\n\n\n<p>Monterrey &#8211; Por segundo d\u00eda consecutivo, las mujeres salieron a las calles regiomontanas para manifestarse en contra de las desapariciones y los feminicidios.&nbsp;<\/p>\n\n\n\n<p>Integrantes de diversas organizaciones y colectivos, las mujeres exigieron de la autoridad nuevos mecanismos de prevenci\u00f3n y que se resuelvan los casos de personas desaparecidas en la entidad.<\/p>\n\n\n\n<figure class=\"wp-block-image size-large\"><img loading=\"lazy\" decoding=\"async\" width=\"768\" height=\"1024\" src=\"http:\/\/diariodigitalmx.com\/wp-content\/uploads\/2022\/04\/IMG-20220410-WA0023-768x1024.jpg\" alt=\"\" class=\"wp-image-74221\" srcset=\"https:\/\/diariodigitalmx.com\/wp-content\/uploads\/2022\/04\/IMG-20220410-WA0023-768x1024.jpg 768w, https:\/\/diariodigitalmx.com\/wp-content\/uploads\/2022\/04\/IMG-20220410-WA0023-225x300.jpg 225w, https:\/\/diariodigitalmx.com\/wp-content\/uploads\/2022\/04\/IMG-20220410-WA0023.jpg 1080w\" sizes=\"(max-width: 768px) 100vw, 768px\" \/><\/figure>\n\n\n\n<p>Portaron mensajes que se\u00f1alan&nbsp; &#8220;Justicia&#8221;, &#8220;Nos faltan muchas&#8221; y &#8220;Nuevo Le\u00f3n inseguro tiktokero&#8221;.&nbsp;<\/p>\n\n\n\n<p>Marcharon a la Fiscal\u00eda General de Justicia para exponer sus propuestas con una gran manta al frente donde se exhibi\u00f3 el rostro de las personas que han desaparecido.&nbsp;<\/p>\n\n\n\n<p>Posteriormente, enfilaron rumbo a Palacio de Gobierno estatal para colocar un mural de rostros de v\u00edctimas de desaparici\u00f3n forzada y mensajes para exigir justicia para las familias.<\/p>\n\n\n\n<figure class=\"wp-block-image size-large\"><img loading=\"lazy\" decoding=\"async\" width=\"768\" height=\"1024\" src=\"http:\/\/diariodigitalmx.com\/wp-content\/uploads\/2022\/04\/IMG-20220410-WA0022-768x1024.jpg\" alt=\"\" class=\"wp-image-74223\" srcset=\"https:\/\/diariodigitalmx.com\/wp-content\/uploads\/2022\/04\/IMG-20220410-WA0022-768x1024.jpg 768w, https:\/\/diariodigitalmx.com\/wp-content\/uploads\/2022\/04\/IMG-20220410-WA0022-225x300.jpg 225w, https:\/\/diariodigitalmx.com\/wp-content\/uploads\/2022\/04\/IMG-20220410-WA0022.jpg 1080w\" sizes=\"(max-width: 768px) 100vw, 768px\" \/><\/figure>\n\n\n\n<p>Esta exposici\u00f3n se realiz\u00f3 en las escaleras del Palacio de Gobierno, y ah\u00ed expusieron los rostros de los desaparecidos.<\/p>\n\n\n\n<figure class=\"wp-block-image size-large\"><img loading=\"lazy\" decoding=\"async\" width=\"768\" height=\"1024\" src=\"http:\/\/diariodigitalmx.com\/wp-content\/uploads\/2022\/04\/IMG-20220410-WA0024-768x1024.jpg\" alt=\"\" class=\"wp-image-74225\" srcset=\"https:\/\/diariodigitalmx.com\/wp-content\/uploads\/2022\/04\/IMG-20220410-WA0024-768x1024.jpg 768w, https:\/\/diariodigitalmx.com\/wp-content\/uploads\/2022\/04\/IMG-20220410-WA0024-225x300.jpg 225w, https:\/\/diariodigitalmx.com\/wp-content\/uploads\/2022\/04\/IMG-20220410-WA0024.jpg 1080w\" sizes=\"(max-width: 768px) 100vw, 768px\" \/><\/figure>\n\n\n\n<p>Luego efectuaron un pase de lista de las personas desaparecidas, y gritaron los nombres de cada uno.&nbsp;<\/p>\n\n\n\n<p>&#8220;\u00bfD\u00f3nde est\u00e1n? \u00bfD\u00f3nde est\u00e1n? \u00bfNuestros hijos d\u00f3nde est\u00e1n?&#8221;, interrogaron.&nbsp;<\/p>\n","protected":false},"excerpt":{"rendered":"<p>&nbsp; Monterrey &#8211; Por segundo d\u00eda consecutivo, las mujeres salieron a las calles regiomontanas para manifestarse en contra de las desapariciones y los feminicidios.&nbsp; Integrantes de diversas organizaciones y colectivos, las mujeres exigieron de la autoridad nuevos mecanismos de prevenci\u00f3n y que se resuelvan los casos de personas desaparecidas en la entidad. Portaron mensajes que [&hellip;]<\/p>\n","protected":false},"author":1,"featured_media":74219,"comment_status":"open","ping_status":"open","sticky":true,"template":"","format":"standard","meta":{"footnotes":""},"categories":[6,3],"tags":[],"_links":{"self":[{"href":"https:\/\/diariodigitalmx.com\/index.php\/wp-json\/wp\/v2\/posts\/74216"}],"collection":[{"href":"https:\/\/diariodigitalmx.com\/index.php\/wp-json\/wp\/v2\/posts"}],"about":[{"href":"https:\/\/diariodigitalmx.com\/index.php\/wp-json\/wp\/v2\/types\/post"}],"author":[{"embeddable":true,"href":"https:\/\/diariodigitalmx.com\/index.php\/wp-json\/wp\/v2\/users\/1"}],"replies":[{"embeddable":true,"href":"https:\/\/diariodigitalmx.com\/index.php\/wp-json\/wp\/v2\/comments?post=74216"}],"version-history":[{"count":5,"href":"https:\/\/diariodigitalmx.com\/index.php\/wp-json\/wp\/v2\/posts\/74216\/revisions"}],"predecessor-version":[{"id":74226,"href":"https:\/\/diariodigitalmx.com\/index.php\/wp-json\/wp\/v2\/posts\/74216\/revisions\/74226"}],"wp:featuredmedia":[{"embeddable":true,"href":"https:\/\/diariodigitalmx.com\/index.php\/wp-json\/wp\/v2\/media\/74219"}],"wp:attachment":[{"href":"https:\/\/diariodigitalmx.com\/index.php\/wp-json\/wp\/v2\/media?parent=74216"}],"wp:term":[{"taxonomy":"category","embeddable":true,"href":"https:\/\/diariodigitalmx.com\/index.php\/wp-json\/wp\/v2\/categories?post=74216"},{"taxonomy":"post_tag","embeddable":true,"href":"https:\/\/diariodigitalmx.com\/index.php\/wp-json\/wp\/v2\/tags?post=74216"}],"curies":[{"name":"wp","href":"https:\/\/api.w.org\/{rel}","templated":true}]}}