{"id":74227,"date":"2022-04-10T19:13:55","date_gmt":"2022-04-11T00:13:55","guid":{"rendered":"http:\/\/diariodigitalmx.com\/?p=74227"},"modified":"2022-04-10T19:14:58","modified_gmt":"2022-04-11T00:14:58","slug":"los-lunes-ni-los-grillos-5","status":"publish","type":"post","link":"https:\/\/diariodigitalmx.com\/index.php\/2022\/04\/10\/los-lunes-ni-los-grillos-5\/","title":{"rendered":"Los lunes, ni Los Grillos"},"content":{"rendered":"\n<p><\/p>\n\n\n\n<p><strong><em>Por Los Grillos\u2026<\/em><\/strong><\/p>\n\n\n\n<p><strong><em>\u201cLos Chuchos\u201d:<\/em><\/strong><\/p>\n\n\n\n<p>El grupo de maestros que se identifican como <strong><em>\u201cLos Chuchos\u201d<\/em><\/strong>, no son tan duchos como presumen. Y todo por sus ansias de cantar victoria antes de tiempo. <strong><em>Si de por s\u00ed cargan con un pesado lastre<\/em><\/strong>.<\/p>\n\n\n\n<p><strong><em>Elecciones:<\/em><\/strong><\/p>\n\n\n\n<p>Esos maestros, activos y jubilados, simpatizan con el maestro <strong><em>Jes\u00fas \u201cChuy\u201d Ortiz<\/em><\/strong>, quien <strong><em>desde hace tres a\u00f1os est\u00e1 en campa\u00f1a permanente<\/em><\/strong> para contender por la dirigencia de la Secci\u00f3n 50 del SNTE.<\/p>\n\n\n\n<p><strong><em>Adelantados:<\/em><\/strong><\/p>\n\n\n\n<p>La elecci\u00f3n para botar a Jos\u00e9 Luis L\u00f3pez Rosas, actual dirigente, se podr\u00eda llevar a cabo en mayo y los maestros le est\u00e1n organizando una comilitona <strong><em>para el \u201cProfe Chuy\u201d el viernes 22 de abril.<\/em><\/strong><\/p>\n\n\n\n<p><strong><em>Inocentes:<\/em><\/strong><\/p>\n\n\n\n<p>\u201cLos Chuchos\u201d ser\u00e1n muy duchos para organizar pachangas, aunque sea por el cumplea\u00f1os de quien puede ser su l\u00edder, <strong><em>pero no saben que primero hay que \u201ctantear el agua a los camotes\u201d.<\/em><\/strong><\/p>\n\n\n\n<p><strong><em>Troya:<\/em><\/strong><\/p>\n\n\n\n<p>En <strong><em>\u201cla guerra y el amor todo se vale\u201d.<\/em><\/strong> Los contrarios no son taimados y les sobran ma\u00f1as. Qu\u00e9 tal si van a Salinas Victoria y se introducen como <strong><em>\u201cEl Caballo de Troya\u201d y el \u00e1gape acaba en zipizape<\/em><\/strong>.<\/p>\n\n\n\n<p><strong><em>Cochinero:<\/em><\/strong><\/p>\n\n\n\n<p><strong><em>Lo que mal empieza mal acaba<\/em><\/strong>. Y as\u00ed va a pasar luego del cochinero que hicieron con la elecci\u00f3n del nuevo director en la <strong><em>Facultad de Ciencias Pol\u00edticas y Relaciones Internacionales de la UANL.<\/em><\/strong><\/p>\n\n\n\n<p><strong><em>Sin clases:<\/em><\/strong><\/p>\n\n\n\n<p>Luego de su batidero, en esa Facultad donde hay un tufo muy pesado, tuvieron que <strong><em>suspender las clases el viernes y, a puertas cerradas, escucharon y atendieron las inquietudes de las \u201calumnas\u201d. (\u00bf)<\/em><\/strong><\/p>\n\n\n\n<p><strong><em>Sucio:<\/em><\/strong><\/p>\n\n\n\n<p>Tal parece que el Rector, Santos Guzm\u00e1n L\u00f3pez ya entendi\u00f3 que su per\u00edodo ser\u00e1 de 3 a\u00f1os y m\u00e1s que enfocarse a la docencia, <strong><em>se enfocar\u00e1 al \u201cjuego sucio\u201d de la sucesi\u00f3n de nuevos directores.<\/em><\/strong><\/p>\n\n\n\n<p><strong><em>Suicidio:<\/em><\/strong><\/p>\n\n\n\n<p><strong><em>En el primer mes del presente a\u00f1o, un hombre decidi\u00f3 quitarse la vida propin\u00e1ndose un balazo<\/em><\/strong>. El hecho ocurri\u00f3 afuera de una empresa, luego de que un empleado local lo atendiera.<\/p>\n\n\n\n<p><strong><em>Qu\u00e9 ocultan:<\/em><\/strong><\/p>\n\n\n\n<p>En esa ocasi\u00f3n, el fiscal general de Justicia, Gustavo Adolfo Guerrero, <strong><em>en su obligaci\u00f3n de informar se reserv\u00f3 el nombre del empleado, de lo que le revel\u00f3 el suicida y la identidad de este mismo.<\/em><\/strong><\/p>\n\n\n\n<p><strong><em>Torcidos:<\/em><\/strong><\/p>\n\n\n\n<p>El cuerpo del suicida pas\u00f3 como NN al anfiteatro. La averiguaci\u00f3n y la declaraci\u00f3n (\u00bf) del empleado ni se supo y se cerr\u00f3 el caso. Las posibles causas se archivaron y el cad\u00e1ver ya no est\u00e1. <strong><em>\u00bfC\u00f3mo se llam\u00f3 la obra?<\/em><\/strong><\/p>\n","protected":false},"excerpt":{"rendered":"<p>Por Los Grillos\u2026 \u201cLos Chuchos\u201d: El grupo de maestros que se identifican como \u201cLos Chuchos\u201d, no son tan duchos como presumen. Y todo por sus ansias de cantar victoria antes de tiempo. Si de por s\u00ed cargan con un pesado lastre. Elecciones: Esos maestros, activos y jubilados, simpatizan con el maestro Jes\u00fas \u201cChuy\u201d Ortiz, quien [&hellip;]<\/p>\n","protected":false},"author":1,"featured_media":74229,"comment_status":"open","ping_status":"open","sticky":true,"template":"","format":"standard","meta":{"footnotes":""},"categories":[12,5],"tags":[],"_links":{"self":[{"href":"https:\/\/diariodigitalmx.com\/index.php\/wp-json\/wp\/v2\/posts\/74227"}],"collection":[{"href":"https:\/\/diariodigitalmx.com\/index.php\/wp-json\/wp\/v2\/posts"}],"about":[{"href":"https:\/\/diariodigitalmx.com\/index.php\/wp-json\/wp\/v2\/types\/post"}],"author":[{"embeddable":true,"href":"https:\/\/diariodigitalmx.com\/index.php\/wp-json\/wp\/v2\/users\/1"}],"replies":[{"embeddable":true,"href":"https:\/\/diariodigitalmx.com\/index.php\/wp-json\/wp\/v2\/comments?post=74227"}],"version-history":[{"count":1,"href":"https:\/\/diariodigitalmx.com\/index.php\/wp-json\/wp\/v2\/posts\/74227\/revisions"}],"predecessor-version":[{"id":74228,"href":"https:\/\/diariodigitalmx.com\/index.php\/wp-json\/wp\/v2\/posts\/74227\/revisions\/74228"}],"wp:featuredmedia":[{"embeddable":true,"href":"https:\/\/diariodigitalmx.com\/index.php\/wp-json\/wp\/v2\/media\/74229"}],"wp:attachment":[{"href":"https:\/\/diariodigitalmx.com\/index.php\/wp-json\/wp\/v2\/media?parent=74227"}],"wp:term":[{"taxonomy":"category","embeddable":true,"href":"https:\/\/diariodigitalmx.com\/index.php\/wp-json\/wp\/v2\/categories?post=74227"},{"taxonomy":"post_tag","embeddable":true,"href":"https:\/\/diariodigitalmx.com\/index.php\/wp-json\/wp\/v2\/tags?post=74227"}],"curies":[{"name":"wp","href":"https:\/\/api.w.org\/{rel}","templated":true}]}}