{"id":74239,"date":"2022-04-11T02:33:24","date_gmt":"2022-04-11T07:33:24","guid":{"rendered":"http:\/\/diariodigitalmx.com\/?p=74239"},"modified":"2022-04-11T02:33:59","modified_gmt":"2022-04-11T07:33:59","slug":"afianza-americo-su-liderazgo-politico","status":"publish","type":"post","link":"https:\/\/diariodigitalmx.com\/index.php\/2022\/04\/11\/afianza-americo-su-liderazgo-politico\/","title":{"rendered":"Afianza Am\u00e9rico su liderazgo pol\u00edtico"},"content":{"rendered":"\n<p><\/p>\n\n\n\n<p>Por Rogelio Romero<\/p>\n\n\n\n<p>El recorrido efectuado por la frontera tamaulipeca por parte del candidato guinda a la gubernatura, Am\u00e9rico Villarreal Anaya, afianz\u00f3 su liderazgo pol\u00edtico en la entidad.<\/p>\n\n\n\n<p>Sin hacer promesas exageradas de campa\u00f1a o caer en la ret\u00f3rica habitual que por muchos a\u00f1os practicaron candidatos del PRI y PAN, el aspirante morenista se ajust\u00f3 a los temas que m\u00e1s interesan a la sociedad tamaulipeca; La seguridad social, el desarrollo econ\u00f3mico, restablecer los niveles de seguridad p\u00fablica, abordar la problem\u00e1tica migrante en la frontera, creaci\u00f3n de empleos y ejercer un gobierno transparente qu\u00e9 ejerza los recursos del erario p\u00fablico en verdaderas obras de beneficio colectivo.<\/p>\n\n\n\n<p>En Nuevo Laredo, Reynosa, Matamoros y la regi\u00f3n ribere\u00f1a Am\u00e9rico escuch\u00f3 el mismo reclamo de justicia social que comparten miles de tamaulipecos.<\/p>\n\n\n\n<p>El abandono en que&nbsp; se encuentran comunidades enteras que se hartaron de la falta de&nbsp; acci\u00f3n por parte de la actual administraci\u00f3n panista, siendo la zona ribere\u00f1a&nbsp; una de las m\u00e1s afectadas y donde&nbsp; se palp\u00f3 con mayor fuerza, el reclamo popular que fue expuesto al candidato guinda a la gubernatura.<\/p>\n\n\n\n<p>Morena tiene verdaderas posibilidades de ganar la gubernatura de Tamaulipas y la idea de su candidato, Am\u00e9rico Villarreal Anaya, de encabezar un gobierno transparente y al servicio del pueblo, es algo que comparten miles de personas en tierras huastecas.<\/p>\n","protected":false},"excerpt":{"rendered":"<p>Por Rogelio Romero El recorrido efectuado por la frontera tamaulipeca por parte del candidato guinda a la gubernatura, Am\u00e9rico Villarreal Anaya, afianz\u00f3 su liderazgo pol\u00edtico en la entidad. Sin hacer promesas exageradas de campa\u00f1a o caer en la ret\u00f3rica habitual que por muchos a\u00f1os practicaron candidatos del PRI y PAN, el aspirante morenista se ajust\u00f3 [&hellip;]<\/p>\n","protected":false},"author":1,"featured_media":74241,"comment_status":"open","ping_status":"open","sticky":true,"template":"","format":"standard","meta":{"footnotes":""},"categories":[14,12],"tags":[],"_links":{"self":[{"href":"https:\/\/diariodigitalmx.com\/index.php\/wp-json\/wp\/v2\/posts\/74239"}],"collection":[{"href":"https:\/\/diariodigitalmx.com\/index.php\/wp-json\/wp\/v2\/posts"}],"about":[{"href":"https:\/\/diariodigitalmx.com\/index.php\/wp-json\/wp\/v2\/types\/post"}],"author":[{"embeddable":true,"href":"https:\/\/diariodigitalmx.com\/index.php\/wp-json\/wp\/v2\/users\/1"}],"replies":[{"embeddable":true,"href":"https:\/\/diariodigitalmx.com\/index.php\/wp-json\/wp\/v2\/comments?post=74239"}],"version-history":[{"count":1,"href":"https:\/\/diariodigitalmx.com\/index.php\/wp-json\/wp\/v2\/posts\/74239\/revisions"}],"predecessor-version":[{"id":74240,"href":"https:\/\/diariodigitalmx.com\/index.php\/wp-json\/wp\/v2\/posts\/74239\/revisions\/74240"}],"wp:featuredmedia":[{"embeddable":true,"href":"https:\/\/diariodigitalmx.com\/index.php\/wp-json\/wp\/v2\/media\/74241"}],"wp:attachment":[{"href":"https:\/\/diariodigitalmx.com\/index.php\/wp-json\/wp\/v2\/media?parent=74239"}],"wp:term":[{"taxonomy":"category","embeddable":true,"href":"https:\/\/diariodigitalmx.com\/index.php\/wp-json\/wp\/v2\/categories?post=74239"},{"taxonomy":"post_tag","embeddable":true,"href":"https:\/\/diariodigitalmx.com\/index.php\/wp-json\/wp\/v2\/tags?post=74239"}],"curies":[{"name":"wp","href":"https:\/\/api.w.org\/{rel}","templated":true}]}}