{"id":7424,"date":"2019-07-06T07:55:36","date_gmt":"2019-07-06T12:55:36","guid":{"rendered":"http:\/\/diariodigitalmx.com\/?p=7424"},"modified":"2019-10-18T16:54:26","modified_gmt":"2019-10-18T21:54:26","slug":"comparte-clara-luz-flores-aportaciones-al-modelo-nacional-de-policia-ante-presidentes-tribunales-de-justicia","status":"publish","type":"post","link":"https:\/\/diariodigitalmx.com\/index.php\/2019\/07\/06\/comparte-clara-luz-flores-aportaciones-al-modelo-nacional-de-policia-ante-presidentes-tribunales-de-justicia\/","title":{"rendered":"Comparte Clara Luz Flores, aportaciones al Modelo Nacional de Polic\u00eda ante presidentes de Tribunales de Justicia"},"content":{"rendered":"\n<p><br><\/p>\n\n\n\n<p>Al buscar un trabajo coordinado y el fortalecimiento de las instituciones de seguridad, Clara Luz Flores Carrales comparti\u00f3 ante presidentes de Tribunales Superiores de Justicia, su experiencia en la construcci\u00f3n del nuevo Modelo Nacional de Polic\u00eda.<br><\/p>\n\n\n\n<p>Como invitada de la primera reuni\u00f3n de trabajo, liderada por la Secretaria de Gobernaci\u00f3n, Olga S\u00e1nchez Cordero, la presidenta de la Conferencia Nacional de Seguridad P\u00fablica Municipal (CNSPM) expuso la formaci\u00f3n del modelo que tiene por objetivo reducir la incidencia delictiva y fortalecer los cuerpos policiacos del Pa\u00eds. <br><\/p>\n\n\n\n<p>\u201cTen\u00edamos una preocupaci\u00f3n constante los presidentes municipales, porque para efectos de la sociedad no ten\u00edamos un est\u00e1ndar en la seguridad\u201d, dijo.<br><\/p>\n\n\n\n<p>\u201cY en ese sentido colaboramos con la creaci\u00f3n de este Modelo Nacional de Polic\u00eda\u201d.<br><\/p>\n\n\n\n<p>Flores Carrales mencion\u00f3 que esta iniciativa, que recaba las preocupaciones y necesidades de los alcaldes del Pa\u00eds, profesionalizar\u00e1 la carrera policial.<br><\/p>\n\n\n\n<p>\u00c9sta ofrecer\u00e1 a los elementos mejores sueldos, prestaciones y capacitaci\u00f3n en l\u00edneas de prevenci\u00f3n, reacci\u00f3n e investigaci\u00f3n.<br><\/p>\n\n\n\n<p>En la reuni\u00f3n, S\u00e1nchez Cordero destac\u00f3 que es importante afianzar el Sistema de Justicia de M\u00e9xico y el trabajo cotidiano de los polic\u00edas.<br><\/p>\n\n\n\n<p>A\u00f1adi\u00f3 que la encomienda del presidente Andr\u00e9s Manuel L\u00f3pez Obrador es regresar a la ciudadan\u00eda la confianza de las instituciones, y que el modelo aportar\u00e1 en ello. &nbsp;<\/p>\n\n\n\n<ul class=\"wp-block-gallery columns-1 is-cropped wp-block-gallery-1 is-layout-flex wp-block-gallery-is-layout-flex\"><li class=\"blocks-gallery-item\"><figure><img loading=\"lazy\" decoding=\"async\" width=\"1024\" height=\"683\" src=\"http:\/\/diariodigitalmx.com\/wp-content\/uploads\/2019\/07\/IMG-20190705-WA0057-1024x683.jpg\" alt=\"\" data-id=\"7430\" data-link=\"http:\/\/diariodigitalmx.com\/index.php\/2019\/07\/06\/comparte-clara-luz-flores-aportaciones-al-modelo-nacional-de-policia-ante-presidentes-tribunales-de-justicia\/img-20190705-wa0057\/\" class=\"wp-image-7430\" srcset=\"https:\/\/diariodigitalmx.com\/wp-content\/uploads\/2019\/07\/IMG-20190705-WA0057-1024x683.jpg 1024w, https:\/\/diariodigitalmx.com\/wp-content\/uploads\/2019\/07\/IMG-20190705-WA0057-300x200.jpg 300w, https:\/\/diariodigitalmx.com\/wp-content\/uploads\/2019\/07\/IMG-20190705-WA0057-768x512.jpg 768w, https:\/\/diariodigitalmx.com\/wp-content\/uploads\/2019\/07\/IMG-20190705-WA0057.jpg 1280w\" sizes=\"(max-width: 1024px) 100vw, 1024px\" \/><\/figure><\/li><\/ul>\n\n\n\n<figure class=\"wp-block-image\"><img loading=\"lazy\" decoding=\"async\" width=\"1024\" height=\"590\" src=\"http:\/\/diariodigitalmx.com\/wp-content\/uploads\/2019\/07\/IMG-20190705-WA0055-1024x590.jpg\" alt=\"\" class=\"wp-image-7433\" srcset=\"https:\/\/diariodigitalmx.com\/wp-content\/uploads\/2019\/07\/IMG-20190705-WA0055-1024x590.jpg 1024w, https:\/\/diariodigitalmx.com\/wp-content\/uploads\/2019\/07\/IMG-20190705-WA0055-300x173.jpg 300w, https:\/\/diariodigitalmx.com\/wp-content\/uploads\/2019\/07\/IMG-20190705-WA0055-768x442.jpg 768w, https:\/\/diariodigitalmx.com\/wp-content\/uploads\/2019\/07\/IMG-20190705-WA0055.jpg 1280w\" sizes=\"(max-width: 1024px) 100vw, 1024px\" \/><\/figure>\n","protected":false},"excerpt":{"rendered":"<p>Al buscar un trabajo coordinado y el fortalecimiento de las instituciones de seguridad, Clara Luz Flores Carrales comparti\u00f3 ante presidentes de Tribunales Superiores de Justicia, su experiencia en la construcci\u00f3n del nuevo Modelo Nacional de Polic\u00eda. Como invitada de la primera reuni\u00f3n de trabajo, liderada por la Secretaria de Gobernaci\u00f3n, Olga S\u00e1nchez Cordero, la presidenta [&hellip;]<\/p>\n","protected":false},"author":1,"featured_media":7426,"comment_status":"open","ping_status":"open","sticky":true,"template":"","format":"standard","meta":{"footnotes":""},"categories":[2],"tags":[],"_links":{"self":[{"href":"https:\/\/diariodigitalmx.com\/index.php\/wp-json\/wp\/v2\/posts\/7424"}],"collection":[{"href":"https:\/\/diariodigitalmx.com\/index.php\/wp-json\/wp\/v2\/posts"}],"about":[{"href":"https:\/\/diariodigitalmx.com\/index.php\/wp-json\/wp\/v2\/types\/post"}],"author":[{"embeddable":true,"href":"https:\/\/diariodigitalmx.com\/index.php\/wp-json\/wp\/v2\/users\/1"}],"replies":[{"embeddable":true,"href":"https:\/\/diariodigitalmx.com\/index.php\/wp-json\/wp\/v2\/comments?post=7424"}],"version-history":[{"count":5,"href":"https:\/\/diariodigitalmx.com\/index.php\/wp-json\/wp\/v2\/posts\/7424\/revisions"}],"predecessor-version":[{"id":7434,"href":"https:\/\/diariodigitalmx.com\/index.php\/wp-json\/wp\/v2\/posts\/7424\/revisions\/7434"}],"wp:featuredmedia":[{"embeddable":true,"href":"https:\/\/diariodigitalmx.com\/index.php\/wp-json\/wp\/v2\/media\/7426"}],"wp:attachment":[{"href":"https:\/\/diariodigitalmx.com\/index.php\/wp-json\/wp\/v2\/media?parent=7424"}],"wp:term":[{"taxonomy":"category","embeddable":true,"href":"https:\/\/diariodigitalmx.com\/index.php\/wp-json\/wp\/v2\/categories?post=7424"},{"taxonomy":"post_tag","embeddable":true,"href":"https:\/\/diariodigitalmx.com\/index.php\/wp-json\/wp\/v2\/tags?post=7424"}],"curies":[{"name":"wp","href":"https:\/\/api.w.org\/{rel}","templated":true}]}}