{"id":74269,"date":"2022-04-11T21:42:39","date_gmt":"2022-04-12T02:42:39","guid":{"rendered":"http:\/\/diariodigitalmx.com\/?p=74269"},"modified":"2022-04-11T21:43:32","modified_gmt":"2022-04-12T02:43:32","slug":"en-busca-de-debanhi","status":"publish","type":"post","link":"https:\/\/diariodigitalmx.com\/index.php\/2022\/04\/11\/en-busca-de-debanhi\/","title":{"rendered":"En busca de Debanhi"},"content":{"rendered":"\n<p>Walter Elizondo&nbsp;<\/p>\n\n\n\n<p>Monterrey &#8211;&nbsp; Ahora fue reportada como desaparecida Debanhi Susana Escobar Bazald\u00faa, de 18 a\u00f1os, de quien se tiene una fotograf\u00eda que le fue tomada por un taxista que presuntamente la baj\u00f3 del veh\u00edculo en plena carretera a Laredo, al norte de la zona metropolitana de Monterrey.&nbsp;<\/p>\n\n\n\n<p>La desaparici\u00f3n fue reportada el s\u00e1bado 9 por su familia.&nbsp;<\/p>\n\n\n\n<p>Ella asisti\u00f3 con dos amigas a una fiesta en una quinta ubicada en la Colonia Nueva Castilla, junto a la Fiscal\u00eda General de la Rep\u00fablica, pero en el evento discuti\u00f3 con sus acompa\u00f1antes.&nbsp;<\/p>\n\n\n\n<p>Por medio de una aplicaci\u00f3n una de ellas le&nbsp; solicit\u00f3 un taxi, pero habr\u00eda tenido tambi\u00e9n diferencias con el conductor y le pidi\u00f3 la bajara a orilla de la carretera al salir de la colonia.&nbsp;<\/p>\n\n\n\n<p>Para evitar problemas, el chofer le tom\u00f3 una fotograf\u00eda&nbsp; y se la envi\u00f3 a la amiga que le hab\u00eda pedido el auto, explic\u00e1ndole lo que hab\u00eda sucedido y que se retirar\u00eda del lugar.La foto luego ha sido difundida en redes sociales por la familia de la joven.&nbsp;<\/p>\n\n\n\n<p>Las declaraciones las hizo el ch\u00f3fer a la polic\u00eda pero no fue detenido pues solamente se present\u00f3 a declarar aunque no ha sido descartado dentro de la investigaci\u00f3n.&nbsp;<\/p>\n\n\n\n<p>En la foto viste una falda-pantal\u00f3n oscuro, blusa top blanca de tirantes y tenis Converse azules.&nbsp;<\/p>\n\n\n\n<p>Mientras tanto, en los alrededores del sector, un lugar de fincas o quintas, con perros se buscan indicios por parte de las autoridades y la familia de la joven.&nbsp;<\/p>\n\n\n\n<p>Tambi\u00e9n se ha revisado casas y quintas para encontrar alg\u00fan indicio.&nbsp;<\/p>\n\n\n\n<p>Mar\u00eda Fernanda conoc\u00eda a su asesino&nbsp;<\/p>\n\n\n\n<p>Por otro lado, Javier Caballero Garc\u00eda, director de la Fiscal\u00eda Especializada Antisecuestros, inform\u00f3 que Mar\u00eda Fernanda la joven asesinada hace d\u00edas, no fue secuestrada ni se trata de un casa de trata de personas, pues ella acudi\u00f3 por su propio consentimiento a la casa en el municipio de Apodaca, donde se localiz\u00f3 su cuerpo.&nbsp;<\/p>\n\n\n\n<p>&#8220;Se puede decir de manera fehaciente, que ella, con su consentimiento y por sus propios medios, ingres\u00f3 al domicilio sin ning\u00fan tipo de presi\u00f3n lo cual descarta que el caso se trate de alg\u00fan secuestro, plagio&#8221;.&nbsp;<\/p>\n","protected":false},"excerpt":{"rendered":"<p>Walter Elizondo&nbsp; Monterrey &#8211;&nbsp; Ahora fue reportada como desaparecida Debanhi Susana Escobar Bazald\u00faa, de 18 a\u00f1os, de quien se tiene una fotograf\u00eda que le fue tomada por un taxista que presuntamente la baj\u00f3 del veh\u00edculo en plena carretera a Laredo, al norte de la zona metropolitana de Monterrey.&nbsp; La desaparici\u00f3n fue reportada el s\u00e1bado 9 [&hellip;]<\/p>\n","protected":false},"author":1,"featured_media":74271,"comment_status":"open","ping_status":"open","sticky":true,"template":"","format":"standard","meta":{"footnotes":""},"categories":[6,3],"tags":[],"_links":{"self":[{"href":"https:\/\/diariodigitalmx.com\/index.php\/wp-json\/wp\/v2\/posts\/74269"}],"collection":[{"href":"https:\/\/diariodigitalmx.com\/index.php\/wp-json\/wp\/v2\/posts"}],"about":[{"href":"https:\/\/diariodigitalmx.com\/index.php\/wp-json\/wp\/v2\/types\/post"}],"author":[{"embeddable":true,"href":"https:\/\/diariodigitalmx.com\/index.php\/wp-json\/wp\/v2\/users\/1"}],"replies":[{"embeddable":true,"href":"https:\/\/diariodigitalmx.com\/index.php\/wp-json\/wp\/v2\/comments?post=74269"}],"version-history":[{"count":1,"href":"https:\/\/diariodigitalmx.com\/index.php\/wp-json\/wp\/v2\/posts\/74269\/revisions"}],"predecessor-version":[{"id":74270,"href":"https:\/\/diariodigitalmx.com\/index.php\/wp-json\/wp\/v2\/posts\/74269\/revisions\/74270"}],"wp:featuredmedia":[{"embeddable":true,"href":"https:\/\/diariodigitalmx.com\/index.php\/wp-json\/wp\/v2\/media\/74271"}],"wp:attachment":[{"href":"https:\/\/diariodigitalmx.com\/index.php\/wp-json\/wp\/v2\/media?parent=74269"}],"wp:term":[{"taxonomy":"category","embeddable":true,"href":"https:\/\/diariodigitalmx.com\/index.php\/wp-json\/wp\/v2\/categories?post=74269"},{"taxonomy":"post_tag","embeddable":true,"href":"https:\/\/diariodigitalmx.com\/index.php\/wp-json\/wp\/v2\/tags?post=74269"}],"curies":[{"name":"wp","href":"https:\/\/api.w.org\/{rel}","templated":true}]}}