{"id":74306,"date":"2022-04-12T16:47:50","date_gmt":"2022-04-12T21:47:50","guid":{"rendered":"http:\/\/diariodigitalmx.com\/?p=74306"},"modified":"2022-04-12T16:49:16","modified_gmt":"2022-04-12T21:49:16","slug":"detienen-a-presunto-implicado-en-muerte-de-maria-fernanda","status":"publish","type":"post","link":"https:\/\/diariodigitalmx.com\/index.php\/2022\/04\/12\/detienen-a-presunto-implicado-en-muerte-de-maria-fernanda\/","title":{"rendered":"Detienen a presunto implicado en muerte de Mar\u00eda Fernanda"},"content":{"rendered":"\n<p>Monterrey &#8211; Fue detenido Ra\u00fal Alfredo &#8220;N&#8221; de 26 a\u00f1os, a quien se le relaciona con&nbsp; la muerte de la joven Mar\u00eda Fernanda Contreras Ruiz.&nbsp;<\/p>\n\n\n\n<p>La Fiscal\u00eda General de Justicia de Nuevo Le\u00f3n, inform\u00f3 que la detenci\u00f3n se registr\u00f3 en el municipio de Francisco I. Madero, Coahuila.<\/p>\n\n\n\n<p>La Fiscal\u00eda Especializada en Personas Desaparecidas lo acusa de los delitos de feminicidio y desaparici\u00f3n, por lo que se ejecut\u00f3 la orden de aprehensi\u00f3n.&nbsp;<\/p>\n\n\n\n<p>La detenci\u00f3n del presunto responsable se hizo dentro de la Carpeta de Investigaci\u00f3n iniciada por el Agente del Ministerio P\u00fablico en seguimiento a los hechos relacionados a la desaparici\u00f3n de Mar\u00eda Fernanda y el feminicidio.<\/p>\n\n\n\n<p>De acuerdo a los hechos se estableci\u00f3 que la identidad del cuerpo de la mujer encontrado el siete de abril en un domicilio ubicado en calle Circuito de las Fincas, colonia Ex Hacienda Santa Rosa, en el municipio de Apodaca corresponde a Maria Fernanda, de 27 a\u00f1os de edad.&nbsp;<\/p>\n\n\n\n<p>La causa de la muerte fue contusi\u00f3n profunda de cr\u00e1neo<\/p>\n\n\n\n<p>Ese d\u00eda se cumpli\u00f3 una&nbsp; orden de cateo solicitada&nbsp; en apoyo a la Unidad de Investigaci\u00f3n de Personas Desaparecidas, autorizada por un C. Juez de Control y de Juicio Oral Penal del Estado.<\/p>\n\n\n\n<p>Mar\u00eda Fernanda hab\u00eda desaparecido el domingo tres de abril.&nbsp;<\/p>\n","protected":false},"excerpt":{"rendered":"<p>Monterrey &#8211; Fue detenido Ra\u00fal Alfredo &#8220;N&#8221; de 26 a\u00f1os, a quien se le relaciona con&nbsp; la muerte de la joven Mar\u00eda Fernanda Contreras Ruiz.&nbsp; La Fiscal\u00eda General de Justicia de Nuevo Le\u00f3n, inform\u00f3 que la detenci\u00f3n se registr\u00f3 en el municipio de Francisco I. Madero, Coahuila. La Fiscal\u00eda Especializada en Personas Desaparecidas lo acusa [&hellip;]<\/p>\n","protected":false},"author":1,"featured_media":74308,"comment_status":"open","ping_status":"open","sticky":false,"template":"","format":"standard","meta":{"footnotes":""},"categories":[6,3],"tags":[],"_links":{"self":[{"href":"https:\/\/diariodigitalmx.com\/index.php\/wp-json\/wp\/v2\/posts\/74306"}],"collection":[{"href":"https:\/\/diariodigitalmx.com\/index.php\/wp-json\/wp\/v2\/posts"}],"about":[{"href":"https:\/\/diariodigitalmx.com\/index.php\/wp-json\/wp\/v2\/types\/post"}],"author":[{"embeddable":true,"href":"https:\/\/diariodigitalmx.com\/index.php\/wp-json\/wp\/v2\/users\/1"}],"replies":[{"embeddable":true,"href":"https:\/\/diariodigitalmx.com\/index.php\/wp-json\/wp\/v2\/comments?post=74306"}],"version-history":[{"count":1,"href":"https:\/\/diariodigitalmx.com\/index.php\/wp-json\/wp\/v2\/posts\/74306\/revisions"}],"predecessor-version":[{"id":74307,"href":"https:\/\/diariodigitalmx.com\/index.php\/wp-json\/wp\/v2\/posts\/74306\/revisions\/74307"}],"wp:featuredmedia":[{"embeddable":true,"href":"https:\/\/diariodigitalmx.com\/index.php\/wp-json\/wp\/v2\/media\/74308"}],"wp:attachment":[{"href":"https:\/\/diariodigitalmx.com\/index.php\/wp-json\/wp\/v2\/media?parent=74306"}],"wp:term":[{"taxonomy":"category","embeddable":true,"href":"https:\/\/diariodigitalmx.com\/index.php\/wp-json\/wp\/v2\/categories?post=74306"},{"taxonomy":"post_tag","embeddable":true,"href":"https:\/\/diariodigitalmx.com\/index.php\/wp-json\/wp\/v2\/tags?post=74306"}],"curies":[{"name":"wp","href":"https:\/\/api.w.org\/{rel}","templated":true}]}}