{"id":74310,"date":"2022-04-12T18:13:58","date_gmt":"2022-04-12T23:13:58","guid":{"rendered":"http:\/\/diariodigitalmx.com\/?p=74310"},"modified":"2022-04-12T18:15:36","modified_gmt":"2022-04-12T23:15:36","slug":"en-medio-de-feminicidios-y-desapariciones-alicia-leal-deja-la-secretaria-de-la-mujer-de-nl","status":"publish","type":"post","link":"https:\/\/diariodigitalmx.com\/index.php\/2022\/04\/12\/en-medio-de-feminicidios-y-desapariciones-alicia-leal-deja-la-secretaria-de-la-mujer-de-nl\/","title":{"rendered":"En medio de feminicidios y desapariciones, Alicia Leal deja la Secretar\u00eda de la Mujer de NL"},"content":{"rendered":"\n<p>Monterrey &#8211;&nbsp; En el marco de la crisis de los feminicidios, desapariciones y marchas de mujeres, renunci\u00f3 a su cargo de Secretar\u00eda de la Mujer estatal, Alicia Leal Puerta.&nbsp;<\/p>\n\n\n\n<p>Tras dos marchas consecutivas de mujeres que quemaron una puerta de palacio de Gobierno, que demandaron justicia, y que la autoridad cumpla con la b\u00fasqueda de las mujeres desaparecidas, hubo cr\u00edticas a la funcionaria por no aparecer ni comentar en torno a los hechos.&nbsp;<\/p>\n\n\n\n<p>Dijo en un breve comunicado que por acuerdo con el gobernador Samuel Garc\u00eda Sep\u00falveda a partir de este martes 12 se hace efectiva su renuncia.<\/p>\n\n\n\n<figure class=\"wp-block-image size-large\"><img loading=\"lazy\" decoding=\"async\" width=\"785\" height=\"1024\" src=\"http:\/\/diariodigitalmx.com\/wp-content\/uploads\/2022\/04\/IMG-20220412-WA0014-785x1024.jpg\" alt=\"\" class=\"wp-image-74314\" srcset=\"https:\/\/diariodigitalmx.com\/wp-content\/uploads\/2022\/04\/IMG-20220412-WA0014-785x1024.jpg 785w, https:\/\/diariodigitalmx.com\/wp-content\/uploads\/2022\/04\/IMG-20220412-WA0014-230x300.jpg 230w, https:\/\/diariodigitalmx.com\/wp-content\/uploads\/2022\/04\/IMG-20220412-WA0014-768x1002.jpg 768w, https:\/\/diariodigitalmx.com\/wp-content\/uploads\/2022\/04\/IMG-20220412-WA0014.jpg 981w\" sizes=\"(max-width: 785px) 100vw, 785px\" \/><\/figure>\n\n\n\n<p>Aprovecho la oportunidad para aclarar que no estuve de vacaciones, sino atendiendo un asunto familiar fuera de la Ciudad y por unas horas, situaci\u00f3n que no impidi\u00f3 que trabajar\u00e1 en reuniones de trabajo con instancias federales y del Estado.&nbsp;<\/p>\n\n\n\n<p>Luego dice que seguir\u00e1 trabajando por la defensa de los derechos de las mujeres, adolescentes y ni\u00f1as.&nbsp;<\/p>\n\n\n\n<p>En ambas protestas de las mujeres, lanzaron consignas contra Mariana Rodr\u00edguez, esposa del gobernador a quien criticaron por estar solamente en redes sociales, sin fijar postura en cuanto a la situaci\u00f3n de las desapariciones.&nbsp;<\/p>\n\n\n\n<p>Alicia Leal como activista era muy puntual en exigir acciones a las autoridades, ahora como funcionaria deja \u201ctirada la chamba\u201d y proyecta desinter\u00e9s e insensibilidad por el dif\u00edcil momento que pasan las familias de las desaparecidas, cuando deber\u00eda estar en la primera en la l\u00ednea de batalla contra estos delitos, acus\u00f3 horas antes la diputada panista Lilia Olivares Casta\u00f1eda. .<\/p>\n\n\n\n<p>As\u00ed no se puede avanzar en el respeto y protecci\u00f3n a las mujeres, por lo que exigimos funcionarios comprometidos con las necesidades de la comunidad, se\u00f1al\u00f3.&nbsp;<\/p>\n","protected":false},"excerpt":{"rendered":"<p>Monterrey &#8211;&nbsp; En el marco de la crisis de los feminicidios, desapariciones y marchas de mujeres, renunci\u00f3 a su cargo de Secretar\u00eda de la Mujer estatal, Alicia Leal Puerta.&nbsp; Tras dos marchas consecutivas de mujeres que quemaron una puerta de palacio de Gobierno, que demandaron justicia, y que la autoridad cumpla con la b\u00fasqueda de [&hellip;]<\/p>\n","protected":false},"author":1,"featured_media":74312,"comment_status":"open","ping_status":"open","sticky":true,"template":"","format":"standard","meta":{"footnotes":""},"categories":[6,3],"tags":[],"_links":{"self":[{"href":"https:\/\/diariodigitalmx.com\/index.php\/wp-json\/wp\/v2\/posts\/74310"}],"collection":[{"href":"https:\/\/diariodigitalmx.com\/index.php\/wp-json\/wp\/v2\/posts"}],"about":[{"href":"https:\/\/diariodigitalmx.com\/index.php\/wp-json\/wp\/v2\/types\/post"}],"author":[{"embeddable":true,"href":"https:\/\/diariodigitalmx.com\/index.php\/wp-json\/wp\/v2\/users\/1"}],"replies":[{"embeddable":true,"href":"https:\/\/diariodigitalmx.com\/index.php\/wp-json\/wp\/v2\/comments?post=74310"}],"version-history":[{"count":3,"href":"https:\/\/diariodigitalmx.com\/index.php\/wp-json\/wp\/v2\/posts\/74310\/revisions"}],"predecessor-version":[{"id":74315,"href":"https:\/\/diariodigitalmx.com\/index.php\/wp-json\/wp\/v2\/posts\/74310\/revisions\/74315"}],"wp:featuredmedia":[{"embeddable":true,"href":"https:\/\/diariodigitalmx.com\/index.php\/wp-json\/wp\/v2\/media\/74312"}],"wp:attachment":[{"href":"https:\/\/diariodigitalmx.com\/index.php\/wp-json\/wp\/v2\/media?parent=74310"}],"wp:term":[{"taxonomy":"category","embeddable":true,"href":"https:\/\/diariodigitalmx.com\/index.php\/wp-json\/wp\/v2\/categories?post=74310"},{"taxonomy":"post_tag","embeddable":true,"href":"https:\/\/diariodigitalmx.com\/index.php\/wp-json\/wp\/v2\/tags?post=74310"}],"curies":[{"name":"wp","href":"https:\/\/api.w.org\/{rel}","templated":true}]}}