{"id":7435,"date":"2019-07-06T11:16:32","date_gmt":"2019-07-06T16:16:32","guid":{"rendered":"http:\/\/diariodigitalmx.com\/?p=7435"},"modified":"2019-07-06T11:24:36","modified_gmt":"2019-07-06T16:24:36","slug":"asociaciones-vecinales-de-la-froc-fortalecen-unidad-y-seguridad-familiar","status":"publish","type":"post","link":"https:\/\/diariodigitalmx.com\/index.php\/2019\/07\/06\/asociaciones-vecinales-de-la-froc-fortalecen-unidad-y-seguridad-familiar\/","title":{"rendered":"Asociaciones Vecinales de la FROC, fortalecen unidad y seguridad familiar"},"content":{"rendered":"\n<p>*Son ya un referente en el apoyo a los vecinos de la zona metropolitana regiomontana, recuerda Osvaldo Serna, secretario general de las Asociaciones Vecinales de Nuevo Le\u00f3n<\/p>\n\n\n\n<figure class=\"wp-block-image\"><img loading=\"lazy\" decoding=\"async\" width=\"768\" height=\"1024\" src=\"http:\/\/diariodigitalmx.com\/wp-content\/uploads\/2019\/07\/IMG-20190621-WA0076-768x1024.jpg\" alt=\"\" class=\"wp-image-7439\" srcset=\"https:\/\/diariodigitalmx.com\/wp-content\/uploads\/2019\/07\/IMG-20190621-WA0076-768x1024.jpg 768w, https:\/\/diariodigitalmx.com\/wp-content\/uploads\/2019\/07\/IMG-20190621-WA0076-225x300.jpg 225w, https:\/\/diariodigitalmx.com\/wp-content\/uploads\/2019\/07\/IMG-20190621-WA0076.jpg 864w\" sizes=\"(max-width: 768px) 100vw, 768px\" \/><\/figure>\n\n\n\n<p>Las Asociaciones Vecinales de la Federaci\u00f3n Revolucionaria de Obreros y Campesinos (FROC), siguen en movimiento y ahora las brigadas m\u00e9dico asistenciales estuvieron en la colonia Villa Ol\u00edmpica en el municipio de Guadalupe.<br><\/p>\n\n\n\n<p>Los vecinos con Nataly Valencia como coordinadora en esa colonia, fueron los anfitriones y recibieron a m\u00e9dicos, abogados, pod\u00f3logos, odont\u00f3logos, psic\u00f3logos y optometristas, as\u00ed como a estilistas que apoyaron con sus conocimientos a las familias.<br><\/p>\n\n\n\n<p>La idea fundamental es llevar alegr\u00eda y fortalecer la convivencia familiar y vecinal, adem\u00e1s de ofrecer soluciones a problemas comunes con nuestros profesionistas, coment\u00f3 Osvaldo Serna Serv\u00edn, secretario general de las Asociaciones Vecinales de Nuevo Le\u00f3n, de la FROC.<br><\/p>\n\n\n\n<p>Adem\u00e1s de fortalecer los lazos de amistad y convivir sanamente, los vecinos contribuyen al mismo tiempo a reforzar la seguridad pues se conocen y cualquier inquietud es reportada a la autoridad, es decir, se cuidan ellos mismos, dice Serna Serv\u00edn.<\/p>\n\n\n\n<p><br><\/p>\n\n\n\n<figure class=\"wp-block-image\"><img loading=\"lazy\" decoding=\"async\" width=\"768\" height=\"1024\" src=\"http:\/\/diariodigitalmx.com\/wp-content\/uploads\/2019\/07\/IMG-20190706-WA0010-768x1024.jpg\" alt=\"\" class=\"wp-image-7442\" srcset=\"https:\/\/diariodigitalmx.com\/wp-content\/uploads\/2019\/07\/IMG-20190706-WA0010-768x1024.jpg 768w, https:\/\/diariodigitalmx.com\/wp-content\/uploads\/2019\/07\/IMG-20190706-WA0010-225x300.jpg 225w, https:\/\/diariodigitalmx.com\/wp-content\/uploads\/2019\/07\/IMG-20190706-WA0010.jpg 864w\" sizes=\"(max-width: 768px) 100vw, 768px\" \/><\/figure>\n\n\n\n<p>En representaci\u00f3n del dirigente estatal de la FROC, C\u00e9sar Alberto Serna de Le\u00f3n, asisti\u00f3 Ramiro Vargas Lugo, en tanto que la secretar\u00eda de Acci\u00f3n Femenil, M\u00f3nica Serna es la encargada de la log\u00edstica de organizar junto al ej\u00e9rcito de colaboradores, las reuniones que tambi\u00e9n se enmarcan con la tradicional loter\u00eda y la entrega de premios.<br><\/p>\n\n\n\n<p>&#8220;Hay convivencia, alegr\u00eda, esparcimiento, nadie se va con las manos vac\u00edas, por m\u00e1s modesto que sea el premio, siempre hay algo para los vecinos&#8221;, dice M\u00f3nica Serna.<br><\/p>\n\n\n\n<p>En cada reuni\u00f3n de las Asociaciones Vecinales se hace hincapi\u00e9 a los padres de familia, ni\u00f1os y j\u00f3venes la necesidad de estudiar y para ello se pone a su disposici\u00f3n el Instituto Universitario Tecnol\u00f3gico de los Trabajadores (IUTT) que, por cierto, este s\u00e1bado 6 de julio inici\u00f3 cursos de ingl\u00e9s gratuito, y donde hay oportunidad de inscribirse a\u00fan.<\/p>\n\n\n\n<p><\/p>\n\n\n\n<p><\/p>\n\n\n\n<p><\/p>\n\n\n\n<p><\/p>\n\n\n\n<p><\/p>\n\n\n\n<ul class=\"wp-block-gallery columns-1 is-cropped wp-block-gallery-1 is-layout-flex wp-block-gallery-is-layout-flex\"><li class=\"blocks-gallery-item\"><figure><img loading=\"lazy\" decoding=\"async\" width=\"1024\" height=\"768\" src=\"http:\/\/diariodigitalmx.com\/wp-content\/uploads\/2019\/07\/IMG-20190705-WA0045-1024x768.jpg\" alt=\"\" data-id=\"7445\" data-link=\"http:\/\/diariodigitalmx.com\/index.php\/2019\/07\/06\/asociaciones-vecinales-de-la-froc-fortalecen-unidad-y-seguridad-familiar\/img-20190705-wa0045\/\" class=\"wp-image-7445\" srcset=\"https:\/\/diariodigitalmx.com\/wp-content\/uploads\/2019\/07\/IMG-20190705-WA0045-1024x768.jpg 1024w, https:\/\/diariodigitalmx.com\/wp-content\/uploads\/2019\/07\/IMG-20190705-WA0045-300x225.jpg 300w, https:\/\/diariodigitalmx.com\/wp-content\/uploads\/2019\/07\/IMG-20190705-WA0045-768x576.jpg 768w, https:\/\/diariodigitalmx.com\/wp-content\/uploads\/2019\/07\/IMG-20190705-WA0045.jpg 1152w\" sizes=\"(max-width: 1024px) 100vw, 1024px\" \/><\/figure><\/li><\/ul>\n\n\n\n<ul class=\"wp-block-gallery columns-3 is-cropped wp-block-gallery-2 is-layout-flex wp-block-gallery-is-layout-flex\"><li class=\"blocks-gallery-item\"><figure><img loading=\"lazy\" decoding=\"async\" width=\"768\" height=\"1024\" src=\"http:\/\/diariodigitalmx.com\/wp-content\/uploads\/2019\/07\/IMG-20190705-WA0031-768x1024.jpg\" alt=\"\" data-id=\"7448\" data-link=\"http:\/\/diariodigitalmx.com\/index.php\/2019\/07\/06\/asociaciones-vecinales-de-la-froc-fortalecen-unidad-y-seguridad-familiar\/img-20190705-wa0031\/\" class=\"wp-image-7448\" srcset=\"https:\/\/diariodigitalmx.com\/wp-content\/uploads\/2019\/07\/IMG-20190705-WA0031-768x1024.jpg 768w, https:\/\/diariodigitalmx.com\/wp-content\/uploads\/2019\/07\/IMG-20190705-WA0031-225x300.jpg 225w, https:\/\/diariodigitalmx.com\/wp-content\/uploads\/2019\/07\/IMG-20190705-WA0031.jpg 864w\" sizes=\"(max-width: 768px) 100vw, 768px\" \/><\/figure><\/li><li class=\"blocks-gallery-item\"><figure><img loading=\"lazy\" decoding=\"async\" width=\"768\" height=\"1024\" src=\"http:\/\/diariodigitalmx.com\/wp-content\/uploads\/2019\/07\/IMG-20190706-WA0019-768x1024.jpg\" alt=\"\" data-id=\"7449\" data-link=\"http:\/\/diariodigitalmx.com\/index.php\/2019\/07\/06\/asociaciones-vecinales-de-la-froc-fortalecen-unidad-y-seguridad-familiar\/img-20190706-wa0019\/\" class=\"wp-image-7449\" srcset=\"https:\/\/diariodigitalmx.com\/wp-content\/uploads\/2019\/07\/IMG-20190706-WA0019-768x1024.jpg 768w, https:\/\/diariodigitalmx.com\/wp-content\/uploads\/2019\/07\/IMG-20190706-WA0019-225x300.jpg 225w, https:\/\/diariodigitalmx.com\/wp-content\/uploads\/2019\/07\/IMG-20190706-WA0019.jpg 864w\" sizes=\"(max-width: 768px) 100vw, 768px\" \/><\/figure><\/li><li class=\"blocks-gallery-item\"><figure><img loading=\"lazy\" decoding=\"async\" width=\"1024\" height=\"768\" src=\"http:\/\/diariodigitalmx.com\/wp-content\/uploads\/2019\/07\/IMG-20190706-WA0014-1024x768.jpg\" alt=\"\" data-id=\"7450\" data-link=\"http:\/\/diariodigitalmx.com\/index.php\/2019\/07\/06\/asociaciones-vecinales-de-la-froc-fortalecen-unidad-y-seguridad-familiar\/img-20190706-wa0014\/\" class=\"wp-image-7450\" srcset=\"https:\/\/diariodigitalmx.com\/wp-content\/uploads\/2019\/07\/IMG-20190706-WA0014-1024x768.jpg 1024w, https:\/\/diariodigitalmx.com\/wp-content\/uploads\/2019\/07\/IMG-20190706-WA0014-300x225.jpg 300w, https:\/\/diariodigitalmx.com\/wp-content\/uploads\/2019\/07\/IMG-20190706-WA0014-768x576.jpg 768w, https:\/\/diariodigitalmx.com\/wp-content\/uploads\/2019\/07\/IMG-20190706-WA0014.jpg 1152w\" sizes=\"(max-width: 1024px) 100vw, 1024px\" \/><\/figure><\/li><li class=\"blocks-gallery-item\"><figure><img loading=\"lazy\" decoding=\"async\" width=\"1024\" height=\"768\" src=\"http:\/\/diariodigitalmx.com\/wp-content\/uploads\/2019\/07\/IMG-20190705-WA0054-1024x768.jpg\" alt=\"\" data-id=\"7451\" data-link=\"http:\/\/diariodigitalmx.com\/index.php\/2019\/07\/06\/asociaciones-vecinales-de-la-froc-fortalecen-unidad-y-seguridad-familiar\/img-20190705-wa0054\/\" class=\"wp-image-7451\" srcset=\"https:\/\/diariodigitalmx.com\/wp-content\/uploads\/2019\/07\/IMG-20190705-WA0054-1024x768.jpg 1024w, https:\/\/diariodigitalmx.com\/wp-content\/uploads\/2019\/07\/IMG-20190705-WA0054-300x225.jpg 300w, https:\/\/diariodigitalmx.com\/wp-content\/uploads\/2019\/07\/IMG-20190705-WA0054-768x576.jpg 768w, https:\/\/diariodigitalmx.com\/wp-content\/uploads\/2019\/07\/IMG-20190705-WA0054.jpg 1152w\" sizes=\"(max-width: 1024px) 100vw, 1024px\" \/><\/figure><\/li><li class=\"blocks-gallery-item\"><figure><img loading=\"lazy\" decoding=\"async\" width=\"1024\" height=\"768\" src=\"http:\/\/diariodigitalmx.com\/wp-content\/uploads\/2019\/07\/IMG-20190705-WA0027-1024x768.jpg\" alt=\"\" data-id=\"7452\" data-link=\"http:\/\/diariodigitalmx.com\/index.php\/2019\/07\/06\/asociaciones-vecinales-de-la-froc-fortalecen-unidad-y-seguridad-familiar\/img-20190705-wa0027\/\" class=\"wp-image-7452\" srcset=\"https:\/\/diariodigitalmx.com\/wp-content\/uploads\/2019\/07\/IMG-20190705-WA0027-1024x768.jpg 1024w, https:\/\/diariodigitalmx.com\/wp-content\/uploads\/2019\/07\/IMG-20190705-WA0027-300x225.jpg 300w, https:\/\/diariodigitalmx.com\/wp-content\/uploads\/2019\/07\/IMG-20190705-WA0027-768x576.jpg 768w, https:\/\/diariodigitalmx.com\/wp-content\/uploads\/2019\/07\/IMG-20190705-WA0027.jpg 1152w\" sizes=\"(max-width: 1024px) 100vw, 1024px\" \/><\/figure><\/li><li class=\"blocks-gallery-item\"><figure><img loading=\"lazy\" decoding=\"async\" width=\"1024\" height=\"768\" src=\"http:\/\/diariodigitalmx.com\/wp-content\/uploads\/2019\/07\/IMG-20190706-WA0008-1024x768.jpg\" alt=\"\" data-id=\"7453\" data-link=\"http:\/\/diariodigitalmx.com\/index.php\/2019\/07\/06\/asociaciones-vecinales-de-la-froc-fortalecen-unidad-y-seguridad-familiar\/img-20190706-wa0008\/\" class=\"wp-image-7453\" srcset=\"https:\/\/diariodigitalmx.com\/wp-content\/uploads\/2019\/07\/IMG-20190706-WA0008-1024x768.jpg 1024w, https:\/\/diariodigitalmx.com\/wp-content\/uploads\/2019\/07\/IMG-20190706-WA0008-300x225.jpg 300w, https:\/\/diariodigitalmx.com\/wp-content\/uploads\/2019\/07\/IMG-20190706-WA0008-768x576.jpg 768w, https:\/\/diariodigitalmx.com\/wp-content\/uploads\/2019\/07\/IMG-20190706-WA0008.jpg 1152w\" sizes=\"(max-width: 1024px) 100vw, 1024px\" \/><\/figure><\/li><li class=\"blocks-gallery-item\"><figure><img loading=\"lazy\" decoding=\"async\" width=\"768\" height=\"1024\" src=\"http:\/\/diariodigitalmx.com\/wp-content\/uploads\/2019\/07\/IMG-20190705-WA0032-768x1024.jpg\" alt=\"\" data-id=\"7454\" data-link=\"http:\/\/diariodigitalmx.com\/index.php\/2019\/07\/06\/asociaciones-vecinales-de-la-froc-fortalecen-unidad-y-seguridad-familiar\/img-20190705-wa0032\/\" class=\"wp-image-7454\" srcset=\"https:\/\/diariodigitalmx.com\/wp-content\/uploads\/2019\/07\/IMG-20190705-WA0032-768x1024.jpg 768w, https:\/\/diariodigitalmx.com\/wp-content\/uploads\/2019\/07\/IMG-20190705-WA0032-225x300.jpg 225w, https:\/\/diariodigitalmx.com\/wp-content\/uploads\/2019\/07\/IMG-20190705-WA0032.jpg 864w\" sizes=\"(max-width: 768px) 100vw, 768px\" \/><\/figure><\/li><\/ul>\n\n\n\n<ul class=\"wp-block-gallery columns-1 is-cropped wp-block-gallery-3 is-layout-flex wp-block-gallery-is-layout-flex\"><li class=\"blocks-gallery-item\"><figure><img loading=\"lazy\" decoding=\"async\" width=\"768\" height=\"1024\" src=\"http:\/\/diariodigitalmx.com\/wp-content\/uploads\/2019\/07\/IMG-20190705-WA0038-768x1024.jpg\" alt=\"\" data-id=\"7457\" data-link=\"http:\/\/diariodigitalmx.com\/index.php\/2019\/07\/06\/asociaciones-vecinales-de-la-froc-fortalecen-unidad-y-seguridad-familiar\/img-20190705-wa0038\/\" class=\"wp-image-7457\" srcset=\"https:\/\/diariodigitalmx.com\/wp-content\/uploads\/2019\/07\/IMG-20190705-WA0038-768x1024.jpg 768w, https:\/\/diariodigitalmx.com\/wp-content\/uploads\/2019\/07\/IMG-20190705-WA0038-225x300.jpg 225w, https:\/\/diariodigitalmx.com\/wp-content\/uploads\/2019\/07\/IMG-20190705-WA0038.jpg 864w\" sizes=\"(max-width: 768px) 100vw, 768px\" \/><\/figure><\/li><\/ul>\n\n\n\n<ul class=\"wp-block-gallery columns-0 is-cropped wp-block-gallery-4 is-layout-flex wp-block-gallery-is-layout-flex\"><\/ul>\n","protected":false},"excerpt":{"rendered":"<p>*Son ya un referente en el apoyo a los vecinos de la zona metropolitana regiomontana, recuerda Osvaldo Serna, secretario general de las Asociaciones Vecinales de Nuevo Le\u00f3n Las Asociaciones Vecinales de la Federaci\u00f3n Revolucionaria de Obreros y Campesinos (FROC), siguen en movimiento y ahora las brigadas m\u00e9dico asistenciales estuvieron en la colonia Villa Ol\u00edmpica en [&hellip;]<\/p>\n","protected":false},"author":1,"featured_media":7437,"comment_status":"open","ping_status":"open","sticky":true,"template":"","format":"standard","meta":{"footnotes":""},"categories":[14,6],"tags":[],"_links":{"self":[{"href":"https:\/\/diariodigitalmx.com\/index.php\/wp-json\/wp\/v2\/posts\/7435"}],"collection":[{"href":"https:\/\/diariodigitalmx.com\/index.php\/wp-json\/wp\/v2\/posts"}],"about":[{"href":"https:\/\/diariodigitalmx.com\/index.php\/wp-json\/wp\/v2\/types\/post"}],"author":[{"embeddable":true,"href":"https:\/\/diariodigitalmx.com\/index.php\/wp-json\/wp\/v2\/users\/1"}],"replies":[{"embeddable":true,"href":"https:\/\/diariodigitalmx.com\/index.php\/wp-json\/wp\/v2\/comments?post=7435"}],"version-history":[{"count":7,"href":"https:\/\/diariodigitalmx.com\/index.php\/wp-json\/wp\/v2\/posts\/7435\/revisions"}],"predecessor-version":[{"id":7460,"href":"https:\/\/diariodigitalmx.com\/index.php\/wp-json\/wp\/v2\/posts\/7435\/revisions\/7460"}],"wp:featuredmedia":[{"embeddable":true,"href":"https:\/\/diariodigitalmx.com\/index.php\/wp-json\/wp\/v2\/media\/7437"}],"wp:attachment":[{"href":"https:\/\/diariodigitalmx.com\/index.php\/wp-json\/wp\/v2\/media?parent=7435"}],"wp:term":[{"taxonomy":"category","embeddable":true,"href":"https:\/\/diariodigitalmx.com\/index.php\/wp-json\/wp\/v2\/categories?post=7435"},{"taxonomy":"post_tag","embeddable":true,"href":"https:\/\/diariodigitalmx.com\/index.php\/wp-json\/wp\/v2\/tags?post=7435"}],"curies":[{"name":"wp","href":"https:\/\/api.w.org\/{rel}","templated":true}]}}