{"id":74377,"date":"2022-04-15T07:31:09","date_gmt":"2022-04-15T12:31:09","guid":{"rendered":"http:\/\/diariodigitalmx.com\/?p=74377"},"modified":"2022-04-15T07:31:41","modified_gmt":"2022-04-15T12:31:41","slug":"termina-bloqueo-en-puente-de-pharr-pero-siguen-inspecciones-en-texas","status":"publish","type":"post","link":"https:\/\/diariodigitalmx.com\/index.php\/2022\/04\/15\/termina-bloqueo-en-puente-de-pharr-pero-siguen-inspecciones-en-texas\/","title":{"rendered":"Termina bloqueo en puente de Pharr, pero  siguen inspecciones en Texas"},"content":{"rendered":"\n<p><\/p>\n\n\n\n<p>Por Rogelio Romero<\/p>\n\n\n\n<p>Pharr, Texas.- Los choferes del&nbsp; autotransporte de carga comercial, levantaron el bloqueo que manten\u00edan en el puente internacional Reynosa-Pharr, pero tuvieron que realizar largas filas para ingresar a Estados Unidos, debido a la \u201cdoble inspecci\u00f3n\u201d que realizan autoridades federales y estatales.<\/p>\n\n\n\n<p>Los camioneros concluyeron su protesta el mi\u00e9rcoles alrededor de las 4PM,&nbsp; despu\u00e9s de que un d\u00eda antes se hab\u00edan \u201cincendiado\u201d por lo menos 5 camiones, que se encontraban varados en las instalaciones del puente en el lado mexicano.<\/p>\n\n\n\n<p>Aun as\u00ed continuaron las lentas revisiones que realizan&nbsp; las autoridades texanas del contenido que llevan&nbsp; los camiones de carga. Los tiempos de revisi\u00f3n variaron entre 3 a 5 horas, causando una enorme fila de las unidades que llegaba hasta la vecina ciudad de Rio Bravo.<\/p>\n\n\n\n<p>De acuerdo a un reporte preliminar de la C\u00e1mara Nacional del Autotransporte de Carga; Las p\u00e9rdidas iniciales debidas al bloqueo que realizaron los choferes y las revisiones que realizan autoridades texanas, ascienden a los 168 millones de d\u00f3lares.<\/p>\n\n\n\n<p>El organismo empresarial agrega que estas cifras no son definitivas y que ser\u00e1 a principios de la pr\u00f3xima semana cuando se tengan montos m\u00e1s precisos sobre&nbsp; p\u00e9rdidas econ\u00f3micas.<\/p>\n\n\n\n<p>Por el puente internacional de Reynosa-Pharr ingresan por lo regular diariamente 2000 camiones de carga comercial, siendo por donde se da el mayor&nbsp; ingreso de suministros alimenticios y materia prima hacia la regi\u00f3n del sur de Texas.<\/p>\n","protected":false},"excerpt":{"rendered":"<p>Por Rogelio Romero Pharr, Texas.- Los choferes del&nbsp; autotransporte de carga comercial, levantaron el bloqueo que manten\u00edan en el puente internacional Reynosa-Pharr, pero tuvieron que realizar largas filas para ingresar a Estados Unidos, debido a la \u201cdoble inspecci\u00f3n\u201d que realizan autoridades federales y estatales. Los camioneros concluyeron su protesta el mi\u00e9rcoles alrededor de las 4PM,&nbsp; [&hellip;]<\/p>\n","protected":false},"author":1,"featured_media":74379,"comment_status":"open","ping_status":"open","sticky":true,"template":"","format":"standard","meta":{"footnotes":""},"categories":[14,4],"tags":[],"_links":{"self":[{"href":"https:\/\/diariodigitalmx.com\/index.php\/wp-json\/wp\/v2\/posts\/74377"}],"collection":[{"href":"https:\/\/diariodigitalmx.com\/index.php\/wp-json\/wp\/v2\/posts"}],"about":[{"href":"https:\/\/diariodigitalmx.com\/index.php\/wp-json\/wp\/v2\/types\/post"}],"author":[{"embeddable":true,"href":"https:\/\/diariodigitalmx.com\/index.php\/wp-json\/wp\/v2\/users\/1"}],"replies":[{"embeddable":true,"href":"https:\/\/diariodigitalmx.com\/index.php\/wp-json\/wp\/v2\/comments?post=74377"}],"version-history":[{"count":1,"href":"https:\/\/diariodigitalmx.com\/index.php\/wp-json\/wp\/v2\/posts\/74377\/revisions"}],"predecessor-version":[{"id":74378,"href":"https:\/\/diariodigitalmx.com\/index.php\/wp-json\/wp\/v2\/posts\/74377\/revisions\/74378"}],"wp:featuredmedia":[{"embeddable":true,"href":"https:\/\/diariodigitalmx.com\/index.php\/wp-json\/wp\/v2\/media\/74379"}],"wp:attachment":[{"href":"https:\/\/diariodigitalmx.com\/index.php\/wp-json\/wp\/v2\/media?parent=74377"}],"wp:term":[{"taxonomy":"category","embeddable":true,"href":"https:\/\/diariodigitalmx.com\/index.php\/wp-json\/wp\/v2\/categories?post=74377"},{"taxonomy":"post_tag","embeddable":true,"href":"https:\/\/diariodigitalmx.com\/index.php\/wp-json\/wp\/v2\/tags?post=74377"}],"curies":[{"name":"wp","href":"https:\/\/api.w.org\/{rel}","templated":true}]}}