{"id":74387,"date":"2022-04-15T15:02:23","date_gmt":"2022-04-15T20:02:23","guid":{"rendered":"http:\/\/diariodigitalmx.com\/?p=74387"},"modified":"2022-04-15T15:03:01","modified_gmt":"2022-04-15T20:03:01","slug":"incendios-mujeres-e-incapacidad","status":"publish","type":"post","link":"https:\/\/diariodigitalmx.com\/index.php\/2022\/04\/15\/incendios-mujeres-e-incapacidad\/","title":{"rendered":"Incendios, mujeres e incapacidad"},"content":{"rendered":"\n<p>Arnulfo Vigil<\/p>\n\n\n\n<p>La cosa est\u00e1 que arde. No s\u00f3lo por el incendio en Santiago, que ya alcanza proporciones mayest\u00e1ticas, sino porque los problemas se han agudizado: la desaparici\u00f3n de mujeres, los incendios y la incapacidad profesional de muchos servidores p\u00fablicos que no hayan la puerta porque no la conocen. Y eso hace que los problemas se hagan m\u00e1s grandotes.<\/p>\n\n\n\n<p>&nbsp;&nbsp;&nbsp; Pobre gobernador Samuel. A un problema se le suma otro. No termina de arreglar un problema cuando ya surgi\u00f3 otro, cada vez m\u00e1s dif\u00edcil y complicado. Da la impresi\u00f3n de que nada m\u00e1s \u00e9l enfrenta los problemas, porque sus colaboradores, en especial los m\u00e1s cercanos, no dan la cara. Y no arreglan los desbarajustes.&nbsp;&nbsp;<\/p>\n\n\n\n<p>&nbsp;&nbsp;&nbsp; Uno de los problemas que se visibilizado, a ra\u00edz del asesinato de Mar\u00eda Fernanda, es la desaparici\u00f3n de mujeres, sobre todo j\u00f3venes. No es nuevo, pero ahora se mira. Y el asesinato de la muchacha est\u00e1 envuelto en un desequilibrio oficial que bien puedo evitar la consumaci\u00f3n del hecho. La parte oficial se\u00f1ala que la asesinaron el mismo d\u00eda que desapareci\u00f3 y la parte oficial la encontr\u00f3 una semana despu\u00e9s. \u00bfEntonces? Esos funcionarios que est\u00e1n adscritos a la Fiscal\u00eda no hacen su chamba. No le compete directamente al gobernador pero s\u00ed le compete que la Secretar\u00eda de Seguridad P\u00fablica tampoco haya puesto las cosas en claro.&nbsp;<\/p>\n\n\n\n<p>&nbsp;&nbsp;&nbsp; Lo peor, la secretaria de las mujeres, entidad duplicada en el organigrama de gobierno (como otras) ni siquiera atendi\u00f3 las demandas de las mujeres que exig\u00edan justicia. No le import\u00f3 y se fue de vacaciones. Claro, el Gobernador, al ver a la falta de sensibilidad de&nbsp; Alicia Leal, quien ha lucrado durante a\u00f1os con la causa de la mujer, la corri\u00f3 en forma de renuncia.&nbsp; Eso deber\u00eda hacer el gobernador con otros dizque funcionarios.&nbsp;<\/p>\n\n\n\n<p>&nbsp;&nbsp;&nbsp; De pronto sale una entidad desconocida, adscrita a la Secretar\u00eda de Gobierno, la Comisi\u00f3n Local para la B\u00fasqueda de Personas Desaparecidas, dirigida por Mar\u00eda de la Luz Balderas, que ni en su casa. Ante el problema afirm\u00f3: \u201cLa mayor\u00eda de los reportes que se reciben en la Comisi\u00f3n son personas que se ausentan en forma voluntaria y personas que no quieren ser localizadas\u201d. \u00a1Dios Santo!&nbsp;&nbsp;<\/p>\n\n\n\n<p>&nbsp;&nbsp;&nbsp; Pero el verdadero problema es otro lastre de Samuel: el Secretario de Gobierno. Ni por telepat\u00eda ha hecho una declaraci\u00f3n sobre la situaci\u00f3n de las mujeres. Y eso que le compete directamente. Bueno, Velasco no ha intervenido en ning\u00fan otro asunto propio de su funci\u00f3n. Por eso hay tanto problema pol\u00edtico que tiene que resolver el gobernador. Es decir, Velasco no le ayuda. Al contrario, se la pasa jugando golf y cuidando sus negocios particulares. Con esa ayuda, mejor no. Pobre Samuel.<\/p>\n\n\n\n<p>&nbsp;&nbsp;&nbsp; Si el incendio volvi\u00f3 a surgir es que no se hab\u00eda apagado bien. Y aqu\u00ed no se sabe bien a bien de qui\u00e9n es la responsabilidad. Es cierto, un asunto de esa envergadura merece un tratamiento pausado. Pero hay operadores y especialistas en el asunto que pueden resolver la situaci\u00f3n. Y en cambio ah\u00ed anda Samuel sopl\u00e1ndole al incendio para apagarlo.&nbsp;&nbsp;&nbsp;<\/p>\n\n\n\n<p>&nbsp;&nbsp;&nbsp; La incapacidad, la falta de vocaci\u00f3n, el inter\u00e9s personal sobre el inter\u00e9s ciudadano son los rasgos que distinguen al actual equipo de funcionarios del llamado nuevo Nuevo Le\u00f3n. Los altos directivos lo primero que hicieron al tomar el puesto fue aumentarse el salario, las prestaciones, los vales, los vi\u00e1ticos. Y simular que chambean. Y reducir los beneficios a la ciudadan\u00eda. Exactamente lo contrario de lo que quiere el gobernador Samuel.&nbsp;&nbsp;&nbsp;<\/p>\n","protected":false},"excerpt":{"rendered":"<p>Arnulfo Vigil La cosa est\u00e1 que arde. No s\u00f3lo por el incendio en Santiago, que ya alcanza proporciones mayest\u00e1ticas, sino porque los problemas se han agudizado: la desaparici\u00f3n de mujeres, los incendios y la incapacidad profesional de muchos servidores p\u00fablicos que no hayan la puerta porque no la conocen. Y eso hace que los problemas [&hellip;]<\/p>\n","protected":false},"author":1,"featured_media":74389,"comment_status":"open","ping_status":"open","sticky":true,"template":"","format":"standard","meta":{"footnotes":""},"categories":[12,3],"tags":[],"_links":{"self":[{"href":"https:\/\/diariodigitalmx.com\/index.php\/wp-json\/wp\/v2\/posts\/74387"}],"collection":[{"href":"https:\/\/diariodigitalmx.com\/index.php\/wp-json\/wp\/v2\/posts"}],"about":[{"href":"https:\/\/diariodigitalmx.com\/index.php\/wp-json\/wp\/v2\/types\/post"}],"author":[{"embeddable":true,"href":"https:\/\/diariodigitalmx.com\/index.php\/wp-json\/wp\/v2\/users\/1"}],"replies":[{"embeddable":true,"href":"https:\/\/diariodigitalmx.com\/index.php\/wp-json\/wp\/v2\/comments?post=74387"}],"version-history":[{"count":1,"href":"https:\/\/diariodigitalmx.com\/index.php\/wp-json\/wp\/v2\/posts\/74387\/revisions"}],"predecessor-version":[{"id":74388,"href":"https:\/\/diariodigitalmx.com\/index.php\/wp-json\/wp\/v2\/posts\/74387\/revisions\/74388"}],"wp:featuredmedia":[{"embeddable":true,"href":"https:\/\/diariodigitalmx.com\/index.php\/wp-json\/wp\/v2\/media\/74389"}],"wp:attachment":[{"href":"https:\/\/diariodigitalmx.com\/index.php\/wp-json\/wp\/v2\/media?parent=74387"}],"wp:term":[{"taxonomy":"category","embeddable":true,"href":"https:\/\/diariodigitalmx.com\/index.php\/wp-json\/wp\/v2\/categories?post=74387"},{"taxonomy":"post_tag","embeddable":true,"href":"https:\/\/diariodigitalmx.com\/index.php\/wp-json\/wp\/v2\/tags?post=74387"}],"curies":[{"name":"wp","href":"https:\/\/api.w.org\/{rel}","templated":true}]}}