{"id":74427,"date":"2022-04-16T16:56:53","date_gmt":"2022-04-16T21:56:53","guid":{"rendered":"http:\/\/diariodigitalmx.com\/?p=74427"},"modified":"2022-04-16T17:01:17","modified_gmt":"2022-04-16T22:01:17","slug":"seguir-la-lucha-por-los-derechos-humanos-las-libertades-y-democracia-legado-de-rosario-ibarra","status":"publish","type":"post","link":"https:\/\/diariodigitalmx.com\/index.php\/2022\/04\/16\/seguir-la-lucha-por-los-derechos-humanos-las-libertades-y-democracia-legado-de-rosario-ibarra\/","title":{"rendered":"Seguir la lucha por los derechos humanos, las libertades y democracia, legado de Rosario Ibarra"},"content":{"rendered":"\n<figure class=\"wp-block-video\"><video controls src=\"http:\/\/diariodigitalmx.com\/wp-content\/uploads\/2022\/04\/VID_20220416_160154.mp4\"><\/video><\/figure>\n\n\n\n<p>Monterrey &#8211; A los 95 a\u00f1os de edad&nbsp; muri\u00f3 en esta ciudad la activista Rosario Ibarra de Piedra, y sus hijos mantendr\u00e1n el legado de lucha en defensa de los derechos humanos y las libertades.&nbsp;<\/p>\n\n\n\n<p>Nacida el 24 de febrero de 1927 en Saltillo, Coahuila, Rosario Ibarra de la Garza, muri\u00f3 en un hospital de la localidad tranquila y en paz, inform\u00f3 su hija Rosario Piedra, presidenta de la Comisi\u00f3n Nacional de Derechos Humanos.<\/p>\n\n\n\n<figure class=\"wp-block-image size-large\"><img loading=\"lazy\" decoding=\"async\" width=\"1024\" height=\"768\" src=\"http:\/\/diariodigitalmx.com\/wp-content\/uploads\/2022\/04\/IMG_20220416_164554-1024x768.jpg\" alt=\"\" class=\"wp-image-74433\" srcset=\"https:\/\/diariodigitalmx.com\/wp-content\/uploads\/2022\/04\/IMG_20220416_164554-1024x768.jpg 1024w, https:\/\/diariodigitalmx.com\/wp-content\/uploads\/2022\/04\/IMG_20220416_164554-300x225.jpg 300w, https:\/\/diariodigitalmx.com\/wp-content\/uploads\/2022\/04\/IMG_20220416_164554-768x576.jpg 768w, https:\/\/diariodigitalmx.com\/wp-content\/uploads\/2022\/04\/IMG_20220416_164554-1536x1152.jpg 1536w, https:\/\/diariodigitalmx.com\/wp-content\/uploads\/2022\/04\/IMG_20220416_164554-2048x1536.jpg 2048w\" sizes=\"(max-width: 1024px) 100vw, 1024px\" \/><\/figure>\n\n\n\n<p>Agreg\u00f3 que su madre presentaba algunos males relativos a la edad, pero que de ninguna manera\u00a0 s\u00edntomas mayores, &#8220;fue el desgaste f\u00edsico propio de una persona de su edad&#8221;, a\u00f1adi\u00f3.<\/p>\n\n\n\n<figure class=\"wp-block-image size-large\"><img loading=\"lazy\" decoding=\"async\" width=\"1024\" height=\"768\" src=\"http:\/\/diariodigitalmx.com\/wp-content\/uploads\/2022\/04\/IMG_20220416_164621-1024x768.jpg\" alt=\"\" class=\"wp-image-74435\" srcset=\"https:\/\/diariodigitalmx.com\/wp-content\/uploads\/2022\/04\/IMG_20220416_164621-1024x768.jpg 1024w, https:\/\/diariodigitalmx.com\/wp-content\/uploads\/2022\/04\/IMG_20220416_164621-300x225.jpg 300w, https:\/\/diariodigitalmx.com\/wp-content\/uploads\/2022\/04\/IMG_20220416_164621-768x576.jpg 768w, https:\/\/diariodigitalmx.com\/wp-content\/uploads\/2022\/04\/IMG_20220416_164621-1536x1152.jpg 1536w, https:\/\/diariodigitalmx.com\/wp-content\/uploads\/2022\/04\/IMG_20220416_164621-2048x1536.jpg 2048w\" sizes=\"(max-width: 1024px) 100vw, 1024px\" \/><\/figure>\n\n\n\n<p>&#8220;Nos quer\u00eda mucho a sus hijos, a mi hermana Claudia, a mi hermano Carlos, mi hermano Jes\u00fas y a mi; ella siempre fue una mujer sana, tuvo algunas reca\u00eddas, muri\u00f3 tranquila y en paz en un hospital&#8221;, coment\u00f3 Piedra Ibarra.&nbsp;<\/p>\n\n\n\n<p>La presidenta de la CNDH considera que su madre debe ser recordada como una gran luchadora, defensora de los derechos humanos, el arduo trabajo por la presentaci\u00f3n de los desaparecidos y su&nbsp; b\u00fasqueda, y la defensa de las libertades y la democracia.&nbsp;<\/p>\n\n\n\n<p>Interrogada acerca de la posibilidad de la llegada al funeral del presidente Andr\u00e9s Manuel L\u00f3pez, mencion\u00f3 que no cree, pues quieren un funeral familiar, aunque ya mucha gente se ha enterado del deceso de su madre.&nbsp;<\/p>\n\n\n\n<p>A partir de las 15:00 horas se abri\u00f3 la funeraria al p\u00fablico, y de inmediato empezaron a llegar arreglos florales.&nbsp;<\/p>\n\n\n\n<p>Rosario Ibarra de Piedra ser\u00e1 sepultada a las 16:00 horas de este domingo 17 en el pante\u00f3n de Dolores, ubicado al poniente en los l\u00edmites del primer cuadro de Monterrey.&nbsp;<\/p>\n\n\n\n<p>Daniel Salazar, uno de los primeros luchadores de la izquierda la record\u00f3 como una luchadora social que enfrent\u00f3 al r\u00e9gimen de gobierno, al autoritarismo y a la persecuci\u00f3n.&nbsp;<\/p>\n\n\n\n<p>Ella fue candidata a la Presidencia de la Rep\u00fablica en 1982 y en 1988 por el PRT, y fundadora del grupo Eureka durante la guerra sucia y la desaparici\u00f3n de su hijo Jes\u00fas.&nbsp;<\/p>\n","protected":false},"excerpt":{"rendered":"<p>Monterrey &#8211; A los 95 a\u00f1os de edad&nbsp; muri\u00f3 en esta ciudad la activista Rosario Ibarra de Piedra, y sus hijos mantendr\u00e1n el legado de lucha en defensa de los derechos humanos y las libertades.&nbsp; Nacida el 24 de febrero de 1927 en Saltillo, Coahuila, Rosario Ibarra de la Garza, muri\u00f3 en un hospital de [&hellip;]<\/p>\n","protected":false},"author":1,"featured_media":74430,"comment_status":"open","ping_status":"open","sticky":true,"template":"","format":"standard","meta":{"footnotes":""},"categories":[6,3],"tags":[],"_links":{"self":[{"href":"https:\/\/diariodigitalmx.com\/index.php\/wp-json\/wp\/v2\/posts\/74427"}],"collection":[{"href":"https:\/\/diariodigitalmx.com\/index.php\/wp-json\/wp\/v2\/posts"}],"about":[{"href":"https:\/\/diariodigitalmx.com\/index.php\/wp-json\/wp\/v2\/types\/post"}],"author":[{"embeddable":true,"href":"https:\/\/diariodigitalmx.com\/index.php\/wp-json\/wp\/v2\/users\/1"}],"replies":[{"embeddable":true,"href":"https:\/\/diariodigitalmx.com\/index.php\/wp-json\/wp\/v2\/comments?post=74427"}],"version-history":[{"count":4,"href":"https:\/\/diariodigitalmx.com\/index.php\/wp-json\/wp\/v2\/posts\/74427\/revisions"}],"predecessor-version":[{"id":74436,"href":"https:\/\/diariodigitalmx.com\/index.php\/wp-json\/wp\/v2\/posts\/74427\/revisions\/74436"}],"wp:featuredmedia":[{"embeddable":true,"href":"https:\/\/diariodigitalmx.com\/index.php\/wp-json\/wp\/v2\/media\/74430"}],"wp:attachment":[{"href":"https:\/\/diariodigitalmx.com\/index.php\/wp-json\/wp\/v2\/media?parent=74427"}],"wp:term":[{"taxonomy":"category","embeddable":true,"href":"https:\/\/diariodigitalmx.com\/index.php\/wp-json\/wp\/v2\/categories?post=74427"},{"taxonomy":"post_tag","embeddable":true,"href":"https:\/\/diariodigitalmx.com\/index.php\/wp-json\/wp\/v2\/tags?post=74427"}],"curies":[{"name":"wp","href":"https:\/\/api.w.org\/{rel}","templated":true}]}}