{"id":74484,"date":"2022-04-18T08:01:15","date_gmt":"2022-04-18T13:01:15","guid":{"rendered":"http:\/\/diariodigitalmx.com\/?p=74484"},"modified":"2022-04-18T08:02:12","modified_gmt":"2022-04-18T13:02:12","slug":"de-frente-y-de-perfil-119","status":"publish","type":"post","link":"https:\/\/diariodigitalmx.com\/index.php\/2022\/04\/18\/de-frente-y-de-perfil-119\/","title":{"rendered":"De frente y de perfil"},"content":{"rendered":"\n<p>Ram\u00f3n Zurita Sahag\u00fan <\/p>\n\n\n\n<p>TRAICIONES EN DOS TIEMPOS<\/p>\n\n\n\n<p>Caer hacia arriba es una forma simple de ver acciones que provocando una ca\u00edda revierten en otras que impulsan por encima de donde se encontraban esos personajes al momento del incidente.<\/p>\n\n\n\n<p>En la pol\u00edtica mexicana se dan este tipo de accidentes que proyectan a los implicados en una subida espectacular con la que resarcen ese tropiezo.<\/p>\n\n\n\n<p>Casos de esos hay muchos y dos ejemplos claros de ellos son los Felipe Calder\u00f3n Hinojosa y Santiago Creel Miranda, ambos panistas. El primero pierde el gobierno de Michoac\u00e1n, quedando rezagado hasta el tercer lugar, abajo del triunfador V\u00edctor Manuel Tinoco Rub\u00ed y Crist\u00f3bal Arias Sol\u00eds, solamente para reaparecer al poco tiempo como presidente nacional del PAN e iniciar la ruta a la Presidencia de la Rep\u00fablica. Con Creel Miranda sucedi\u00f3 algo similar, aunque no alcanz\u00f3 la meta de la candidatura presidencial, de la que fue desplazado por el mismo Calder\u00f3n Hinojosa.<\/p>\n\n\n\n<p>Santiago fue candidato al gobierno del Distrito Federal y en una re\u00f1ida contienda fue superado por Andr\u00e9s Manuel L\u00f3pez Obrador. Unas semanas m\u00e1s tarde Creel Miranda reapareci\u00f3 como secretario de Gobernaci\u00f3n del primer gobierno panista y desde ah\u00ed aspir\u00f3 a la candidatura presidencial, siendo desplazado en la contienda interna por el mencionado Felipe Calder\u00f3n Hinojosa.<\/p>\n\n\n\n<p>Uno de esos frecuentes casos es el de Carlos Miguel Aysa Gonz\u00e1lez, hoy mantenido en pausa como futuro Embajador de M\u00e9xico ante el gobierno de Rep\u00fablica Dominicana.<\/p>\n\n\n\n<p>Aysa Gonz\u00e1lez nunca fue un pol\u00edtico renombrado dentro de esta actividad en el estado de Campeche y siempre relacionado con los asuntos judiciales y de justicia.<\/p>\n\n\n\n<p>Fue habilitado por el entonces gobernador de Campeche, Jos\u00e9 Antonio Gonz\u00e1lez Curi, como Procurador de Justicia, cargo en el que dur\u00f3 poco m\u00e1s de un a\u00f1o y una administraci\u00f3n m\u00e1s tarde por Jorge Carlos Hurtado como titular de seguridad p\u00fablica.<\/p>\n\n\n\n<p>Como pol\u00edtico poco le qued\u00f3, ya que fue relegado por varios a\u00f1os, hasta que en 2015 lo hicieron candidato al ayuntamiento de su localidad de nacimiento, Palizada, el municipio m\u00e1s peque\u00f1o del estado. Un pueblo alejado de las comunicaciones por v\u00eda terrestre y fluvial, perdiendo en los mismos comicios en los que Alejandro Moreno C\u00e1rdenas, gan\u00f3 el gobierno estatal.<\/p>\n\n\n\n<p>No alcanz\u00f3 el escaso n\u00famero de votos que se requiere para ganar ese municipio y fue recompensado por el ya ganador de la gubernatura, al designarlo como secretario de Gobierno del estado. Elegido de esa forma, por tratarse de un personaje de muy bajo perfil y con escasas aspiraciones para entrar en la guerra de sucesi\u00f3n futura.<\/p>\n\n\n\n<p>Su estilo gris\u00e1ceo de hacer pol\u00edtica y alejado de los reflectores lo convirti\u00f3 en la mejor opci\u00f3n para que Moreno C\u00e1rdenas lo considerara como su sucesor en su prop\u00f3sito de competir por la dirigencia nacional priista.<\/p>\n\n\n\n<p>Aysa Gonz\u00e1lez opaco y mediocre se aisl\u00f3 de los reflectores y se dedic\u00f3 a tejer su futuro, por lo que soterradamente, ya en su funci\u00f3n de interino, busc\u00f3 los acercamientos con la poderosa maquinaria de MORENA, para blindar su salida. Por una parte,sell\u00f3 su compromiso priista, negociando una diputaci\u00f3n plurinominal para su hijo, Carlos Aysa Damas y por la otra lo hizo con el grupo de MORENA que encabeza la hoy gobernadora Layda Sansores.<\/p>\n\n\n\n<p>De esa manera el \u201dlisto\u201d Aysa Gonz\u00e1lez garantiz\u00f3 su futuro, ya que a su salida fue propuesto como representante diplom\u00e1tico del gobierno mexicano en Dominicana y su hijo en funci\u00f3n de legislador priista sell\u00f3 su compromiso, primero, adelantado su voto a la pol\u00e9mica Reforma El\u00e9ctrica, traicionado a la decisi\u00f3n de su partido de hacerlo en contra.<\/p>\n\n\n\n<p>Y es que la ratificaci\u00f3n de su padre como Embajador se ator\u00f3 en el Senado de la Rep\u00fablica y con la decisi\u00f3n del hijo, se abri\u00f3 otra vez dicha posibilidad.<\/p>\n\n\n\n<p>Hoy convertido a la ideolog\u00eda de MORENA, Aysa Damas devuelve el favor a su padre de conseguirle la diputaci\u00f3n federal, \u201csacrific\u00e1ndose\u201d y asegurando su futuro para que padre logre el anhelo de ser representante diplom\u00e1tico.<\/p>\n\n\n\n<p>Padre e hijo representan las traiciones en dos tiempos.<\/p>\n\n\n\n<pre class=\"wp-block-code\"><code>                                                                   \u2026\u2026\u2026\u2026\u2026\u2026\u2026\u2026\u2026\u2026\u2026\u2026 <\/code><\/pre>\n\n\n\n<p>Lleg\u00f3 el momento de que Ignacio Mier, coordinador de la bancada de diputados y diputadas de MORENA, muestre tama\u00f1os para encabezar esta nutrida representaci\u00f3n y se olvide por un momento de sus aspiraciones para gobernar Puebla dentro de tres a\u00f1os. Mier sostiene un fuerte enfrentamiento con el gobernador Luis Miguel Barbosa, quien le cierra el camino a sus posibilidades futuras.<\/p>\n\n\n\n<p>Email: ramonzurita44@hotmail.com<\/p>\n","protected":false},"excerpt":{"rendered":"<p>Ram\u00f3n Zurita Sahag\u00fan TRAICIONES EN DOS TIEMPOS Caer hacia arriba es una forma simple de ver acciones que provocando una ca\u00edda revierten en otras que impulsan por encima de donde se encontraban esos personajes al momento del incidente. En la pol\u00edtica mexicana se dan este tipo de accidentes que proyectan a los implicados en una [&hellip;]<\/p>\n","protected":false},"author":1,"featured_media":74486,"comment_status":"open","ping_status":"open","sticky":true,"template":"","format":"standard","meta":{"footnotes":""},"categories":[12,5],"tags":[],"_links":{"self":[{"href":"https:\/\/diariodigitalmx.com\/index.php\/wp-json\/wp\/v2\/posts\/74484"}],"collection":[{"href":"https:\/\/diariodigitalmx.com\/index.php\/wp-json\/wp\/v2\/posts"}],"about":[{"href":"https:\/\/diariodigitalmx.com\/index.php\/wp-json\/wp\/v2\/types\/post"}],"author":[{"embeddable":true,"href":"https:\/\/diariodigitalmx.com\/index.php\/wp-json\/wp\/v2\/users\/1"}],"replies":[{"embeddable":true,"href":"https:\/\/diariodigitalmx.com\/index.php\/wp-json\/wp\/v2\/comments?post=74484"}],"version-history":[{"count":1,"href":"https:\/\/diariodigitalmx.com\/index.php\/wp-json\/wp\/v2\/posts\/74484\/revisions"}],"predecessor-version":[{"id":74485,"href":"https:\/\/diariodigitalmx.com\/index.php\/wp-json\/wp\/v2\/posts\/74484\/revisions\/74485"}],"wp:featuredmedia":[{"embeddable":true,"href":"https:\/\/diariodigitalmx.com\/index.php\/wp-json\/wp\/v2\/media\/74486"}],"wp:attachment":[{"href":"https:\/\/diariodigitalmx.com\/index.php\/wp-json\/wp\/v2\/media?parent=74484"}],"wp:term":[{"taxonomy":"category","embeddable":true,"href":"https:\/\/diariodigitalmx.com\/index.php\/wp-json\/wp\/v2\/categories?post=74484"},{"taxonomy":"post_tag","embeddable":true,"href":"https:\/\/diariodigitalmx.com\/index.php\/wp-json\/wp\/v2\/tags?post=74484"}],"curies":[{"name":"wp","href":"https:\/\/api.w.org\/{rel}","templated":true}]}}