{"id":74490,"date":"2022-04-18T17:14:48","date_gmt":"2022-04-18T22:14:48","guid":{"rendered":"http:\/\/diariodigitalmx.com\/?p=74490"},"modified":"2022-04-18T17:16:19","modified_gmt":"2022-04-18T22:16:19","slug":"regresa-juez-federal-caso-del-bronco-al-ambito-estatal","status":"publish","type":"post","link":"https:\/\/diariodigitalmx.com\/index.php\/2022\/04\/18\/regresa-juez-federal-caso-del-bronco-al-ambito-estatal\/","title":{"rendered":"Regresa juez federal caso del Bronco al \u00e1mbito estatal"},"content":{"rendered":"\n<p>*Se complica asunto del ex gobernador <\/p>\n\n\n\n<p>Walter Elizondo <\/p>\n\n\n\n<p>Monterrey &#8211; El juez penal federal Pedro \u00c1lvarez no acept\u00f3 el caso de Jaime Rodr\u00edguez Calder\u00f3n &#8220;El Bronco&#8221;, y lo devolvi\u00f3 al \u00e1mbito estatal.&nbsp;<\/p>\n\n\n\n<p>El juzgador considera que al haberse dictado una orden de aprehensi\u00f3n a nivel estatal, el caso debe seguir su curso en ese mismo \u00e1mbito.<\/p>\n\n\n\n<p>En la audiencia celebrada este lunes 18, el juez decidi\u00f3 turnar nuevamente el expediente a su hom\u00f3logo estatal, lo que implica que se retoma el curso de la investigaci\u00f3n.&nbsp;<\/p>\n\n\n\n<p>Mientras tanto la prisi\u00f3n preventiva se mantiene pasa el ex gobernador de Nuevo Le\u00f3n quien est\u00e1 detenido en el Cereso 2 de Apodaca desde el pasado 15 de marzo acusado de uso indebido de recursos en la recopilaci\u00f3n de firmas para su campa\u00f1a presidencial en 2018.<\/p>\n\n\n\n<p>A nivel estatal, El Bronco tambi\u00e9n est\u00e1 vinculado a proceso y en prisi\u00f3n por medida cautelar, por la requisa de la Ecov\u00eda, un sistema de transporte p\u00fablico que el Estado tom\u00f3 en su administraci\u00f3n, por lo que los inversionistas privados se inconformaron.&nbsp;<\/p>\n\n\n\n<p>El&nbsp; pasado 16 de marzo pasado, el juez de Control estatal Carlos Alberto Salas Gonz\u00e1lez decret\u00f3 la vinculaci\u00f3n a proceso de &#8220;El Bronco&#8221; por el delito de uso de recursos con procedencia il\u00edcita&nbsp; en las broncofirmas y tras dejarlo en prisi\u00f3n, se declar\u00f3 incompetente para seguir al argumentar que es federal, sin embargo ahora se le regresa el asunto.&nbsp;<\/p>\n\n\n\n<p>Minutos antes de la audiencia, V\u00edctor Ol\u00e9a, uno de los abogados defensores dijo que el gobernador est\u00e1 consciente de que cualquier decisi\u00f3n del Juez federal, deber\u00e1 seguir detenido.&nbsp;<\/p>\n\n\n\n<p>\u201c\u00c9l est\u00e1 confiado, consciente, confiado, en el sentido de que sabe que ante la justicia federal habr\u00e1 un juez independiente, lo que determine el juez lo har\u00e1 de acuerdo a sus convicciones, a los alegatos de las partes, pero finalmente es una garant\u00eda de independencia\u201d.&nbsp;<\/p>\n\n\n\n<p>Mientras la defensa seguir\u00e1 con la promoci\u00f3n de los recursos para buscar su libertad.&nbsp;<\/p>\n\n\n\n<p>\u201cEstamos desde luego promoviendo, los recursos correspondientes contra esas determinaciones de los jueces de control de Nuevo Le\u00f3n, ya los hemos instaurado estamos en v\u00edas de concluir las que nos faltan, pero estamos con todo luchando por la defensa de Don Jaime\u201d, a\u00f1adi\u00f3.&nbsp;<\/p>\n","protected":false},"excerpt":{"rendered":"<p>*Se complica asunto del ex gobernador Walter Elizondo Monterrey &#8211; El juez penal federal Pedro \u00c1lvarez no acept\u00f3 el caso de Jaime Rodr\u00edguez Calder\u00f3n &#8220;El Bronco&#8221;, y lo devolvi\u00f3 al \u00e1mbito estatal.&nbsp; El juzgador considera que al haberse dictado una orden de aprehensi\u00f3n a nivel estatal, el caso debe seguir su curso en ese mismo [&hellip;]<\/p>\n","protected":false},"author":1,"featured_media":74213,"comment_status":"open","ping_status":"open","sticky":true,"template":"","format":"standard","meta":{"footnotes":""},"categories":[6,3],"tags":[],"_links":{"self":[{"href":"https:\/\/diariodigitalmx.com\/index.php\/wp-json\/wp\/v2\/posts\/74490"}],"collection":[{"href":"https:\/\/diariodigitalmx.com\/index.php\/wp-json\/wp\/v2\/posts"}],"about":[{"href":"https:\/\/diariodigitalmx.com\/index.php\/wp-json\/wp\/v2\/types\/post"}],"author":[{"embeddable":true,"href":"https:\/\/diariodigitalmx.com\/index.php\/wp-json\/wp\/v2\/users\/1"}],"replies":[{"embeddable":true,"href":"https:\/\/diariodigitalmx.com\/index.php\/wp-json\/wp\/v2\/comments?post=74490"}],"version-history":[{"count":3,"href":"https:\/\/diariodigitalmx.com\/index.php\/wp-json\/wp\/v2\/posts\/74490\/revisions"}],"predecessor-version":[{"id":74493,"href":"https:\/\/diariodigitalmx.com\/index.php\/wp-json\/wp\/v2\/posts\/74490\/revisions\/74493"}],"wp:featuredmedia":[{"embeddable":true,"href":"https:\/\/diariodigitalmx.com\/index.php\/wp-json\/wp\/v2\/media\/74213"}],"wp:attachment":[{"href":"https:\/\/diariodigitalmx.com\/index.php\/wp-json\/wp\/v2\/media?parent=74490"}],"wp:term":[{"taxonomy":"category","embeddable":true,"href":"https:\/\/diariodigitalmx.com\/index.php\/wp-json\/wp\/v2\/categories?post=74490"},{"taxonomy":"post_tag","embeddable":true,"href":"https:\/\/diariodigitalmx.com\/index.php\/wp-json\/wp\/v2\/tags?post=74490"}],"curies":[{"name":"wp","href":"https:\/\/api.w.org\/{rel}","templated":true}]}}