{"id":74508,"date":"2022-04-19T07:25:36","date_gmt":"2022-04-19T12:25:36","guid":{"rendered":"http:\/\/diariodigitalmx.com\/?p=74508"},"modified":"2022-04-19T07:26:22","modified_gmt":"2022-04-19T12:26:22","slug":"traidores-a-la-patria-1904-2022","status":"publish","type":"post","link":"https:\/\/diariodigitalmx.com\/index.php\/2022\/04\/19\/traidores-a-la-patria-1904-2022\/","title":{"rendered":"Traidores a la Patria 1904-2022"},"content":{"rendered":"\n<p>\u00d3scar Tamez Rodr\u00edguez&nbsp;<\/p>\n\n\n\n<p>El presidente amaneci\u00f3 el lunes acusando de traidores a la Patria a los legisladores quienes votaron contra la reforma energ\u00e9tica enviada desde el poder ejecutivo y sin aceptar modificaciones ni en los errores ortogr\u00e1ficos.<\/p>\n\n\n\n<p>La acusaci\u00f3n es muy grave, si fuera jur\u00eddica implicar\u00eda una sanci\u00f3n grave, pero como es discurso pol\u00edtico de denostaci\u00f3n, todo queda en el abuso para pretender el descr\u00e9dito, la mancha p\u00fablica a los legisladores de oposici\u00f3n.<\/p>\n\n\n\n<p>Asegura que son traidores por defender los intereses de empresarios nacionales y extranjeros, comete un error de c\u00e1lculo, los m\u00e1s de 200 diputados quienes votaron contra la iniciativa del presidente defendieron los intereses de millones de quienes no queremos regresar al monopolio de Estado en materia de energ\u00eda el\u00e9ctrica. A\u00fan recordamos lo cara y de mala calidad que era la energ\u00eda en esos tiempos.<\/p>\n\n\n\n<p>Algunos queremos arriesgarnos con la competencia, esa que desprecia la 4T en lo electoral y en todo lo que implique construir consensos. Sino fuera absolutista y retr\u00f3grada habr\u00edamos exigido el apoyo a su reforma, claro, si \u00e9sta incluyera subsidios en las zonas donde padecemos temperaturas extremas, si hubiera considerado apoyos en la adquisici\u00f3n de paneles u otra forma de energ\u00eda e\u00f3lica o solar.<\/p>\n\n\n\n<p>No son traidores a la Patria quienes defendieron los intereses en los que creen millones de mexicanos. Tampoco lo son porque el mandatario no es la Patria, porque no lo es un partido y porque una ideolog\u00eda pol\u00edtica no es la Patria. Tampoco son la Patria 15 millones de simpatizantes de la 4T (participaci\u00f3n en favor de Morena en la revocaci\u00f3n de mandato).<\/p>\n\n\n\n<p>La Patria es el Estado y guste o no al sector absolutista en el poder, somos Patria el resto, los que diferimos del pensamiento unidireccional de una persona enriquecida en su egolatr\u00eda por los incondicionales.<\/p>\n\n\n\n<p>Arengar que hubo traici\u00f3n frente a la postura de todo o nada es una reacci\u00f3n totalitarista. No se construye democracia sin consensos. La democracia mexicana desde 1963 es una de mayor\u00edas con inclusi\u00f3n a las minor\u00edas, no s\u00f3lo de mayor\u00edas.<\/p>\n\n\n\n<p>Es contrario a la historia de M\u00e9xico afirmar que son traidores quienes negocian y acuerdan con poderes extranjeros, el jefe del gobierno federal y sus afines evidencian ignorancia hist\u00f3rica y una ret\u00f3rica destinada a las masas desinformadas.<\/p>\n\n\n\n<p>En la l\u00f3gica de la 4T son traidores a la Patria quienes acuerdan con poderes extranjeros con beneficios para esos poderes; es prudente recordarles que en su imagen corporativa incluye cinco grandes figuras de la historia nacional (Hidalgo, Morelos, Ju\u00e1rez, Madero y C\u00e1rdenas), todas ellas negociaron con poderes extranjeros para poder gobernar.<\/p>\n\n\n\n<p>Hidalgo es aprehendido en Acatita de Baj\u00e1n cuando se dirig\u00eda junto a otros insurgentes de la primera generaci\u00f3n hacia EUA en busca de apoyos. Resulta oportuno recordar que nadie da apoyos sin una contraprestaci\u00f3n, no entre naciones y menos con una como los vecinos quienes estaban en un proceso de expansi\u00f3n bajo la premisa de Am\u00e9rica para los americanos.<\/p>\n\n\n\n<p>Lo mismo sucedi\u00f3 con Morelos. Frente la necesidad de apoyo para su lucha emancipadora envi\u00f3 a su hijo a EUA para tratar de conseguirlo.<\/p>\n\n\n\n<p>Ambos insurgentes sab\u00edan que los apoyos recibidos no ser\u00edan cortes\u00eda, un precio se habr\u00eda de pagar, pero el beneficio lo val\u00eda. Con Ju\u00e1rez y Madero sucedi\u00f3 algo similar, ambos recurrieron al poderoso vecino sabiendo que habr\u00eda un costo menor frente al bien mayor.<\/p>\n\n\n\n<p>Ninguno fue traidor a la Patria, lo fueron sus contrapartes que pretend\u00edan la unicidad del pueblo despreciando la diversidad.<\/p>\n\n\n\n<p>Traici\u00f3n es despreciar a m\u00e1s de la mitad de mexicanos.<\/p>\n","protected":false},"excerpt":{"rendered":"<p>\u00d3scar Tamez Rodr\u00edguez&nbsp; El presidente amaneci\u00f3 el lunes acusando de traidores a la Patria a los legisladores quienes votaron contra la reforma energ\u00e9tica enviada desde el poder ejecutivo y sin aceptar modificaciones ni en los errores ortogr\u00e1ficos. La acusaci\u00f3n es muy grave, si fuera jur\u00eddica implicar\u00eda una sanci\u00f3n grave, pero como es discurso pol\u00edtico de [&hellip;]<\/p>\n","protected":false},"author":1,"featured_media":74096,"comment_status":"open","ping_status":"open","sticky":true,"template":"","format":"standard","meta":{"footnotes":""},"categories":[14,12],"tags":[],"_links":{"self":[{"href":"https:\/\/diariodigitalmx.com\/index.php\/wp-json\/wp\/v2\/posts\/74508"}],"collection":[{"href":"https:\/\/diariodigitalmx.com\/index.php\/wp-json\/wp\/v2\/posts"}],"about":[{"href":"https:\/\/diariodigitalmx.com\/index.php\/wp-json\/wp\/v2\/types\/post"}],"author":[{"embeddable":true,"href":"https:\/\/diariodigitalmx.com\/index.php\/wp-json\/wp\/v2\/users\/1"}],"replies":[{"embeddable":true,"href":"https:\/\/diariodigitalmx.com\/index.php\/wp-json\/wp\/v2\/comments?post=74508"}],"version-history":[{"count":1,"href":"https:\/\/diariodigitalmx.com\/index.php\/wp-json\/wp\/v2\/posts\/74508\/revisions"}],"predecessor-version":[{"id":74509,"href":"https:\/\/diariodigitalmx.com\/index.php\/wp-json\/wp\/v2\/posts\/74508\/revisions\/74509"}],"wp:featuredmedia":[{"embeddable":true,"href":"https:\/\/diariodigitalmx.com\/index.php\/wp-json\/wp\/v2\/media\/74096"}],"wp:attachment":[{"href":"https:\/\/diariodigitalmx.com\/index.php\/wp-json\/wp\/v2\/media?parent=74508"}],"wp:term":[{"taxonomy":"category","embeddable":true,"href":"https:\/\/diariodigitalmx.com\/index.php\/wp-json\/wp\/v2\/categories?post=74508"},{"taxonomy":"post_tag","embeddable":true,"href":"https:\/\/diariodigitalmx.com\/index.php\/wp-json\/wp\/v2\/tags?post=74508"}],"curies":[{"name":"wp","href":"https:\/\/api.w.org\/{rel}","templated":true}]}}