{"id":74516,"date":"2022-04-19T07:37:57","date_gmt":"2022-04-19T12:37:57","guid":{"rendered":"http:\/\/diariodigitalmx.com\/?p=74516"},"modified":"2022-04-19T07:38:39","modified_gmt":"2022-04-19T12:38:39","slug":"se-despide-joao-felix-de-temporada-por-lesion","status":"publish","type":"post","link":"https:\/\/diariodigitalmx.com\/index.php\/2022\/04\/19\/se-despide-joao-felix-de-temporada-por-lesion\/","title":{"rendered":"Se despide Joao F\u00e9lix de temporada por lesi\u00f3n"},"content":{"rendered":"\n<p>Por Rogelio Romero<\/p>\n\n\n\n<p>El delantero portugu\u00e9s del Atl\u00e9tico de Madrid. Joao F\u00e9lix, se despidi\u00f3 de la temporada de f\u00fatbol espa\u00f1ol debido a una lesi\u00f3n en su muslo izquierdo, y que amerita unas seis semanas de fisioterapia.<\/p>\n\n\n\n<p>El joven atacante confirm\u00f3 la noticia en su cuenta de twitter, remarcando que la lesi\u00f3n lo deja pr\u00e1cticamente inactivo durante las \u00faltimas 6 jornadas del torneo ib\u00e9rico.<\/p>\n\n\n\n<p>Junto a su compa\u00f1ero el jugador franc\u00e9s Lemar se les practic\u00f3&nbsp; ex\u00e1menes m\u00e9dicos en el Hospital de la Universidad de Navarra, cuyo resultado fue que, Ambos&nbsp; jugadores presentan \u201csendas lesiones en la musculatura isquitotibial del muslo izquierdo\u201d.<\/p>\n\n\n\n<p>El entrenador de los Colchoneros, Diego Simeone, tampoco podr\u00e1 contar para el juego contra el Granada este mi\u00e9rcoles,&nbsp; con el mexicano H\u00e9ctor Herrera y su compa\u00f1ero Jim\u00e9nez debido a que siguen lesionados.<\/p>\n\n\n\n<p>Por otra parte a pesar de que la escuadra colchonera present\u00f3 dos apelaciones ante la liga, esto por las tarjetas amarillas que recibieron los jugadores Felipe y el franc\u00e9s Kondogbia, si los recursos no prosperan, ambos deportistas tambi\u00e9n ser\u00e1n bajas paraa el encuentro contra el Granada, equipo que intenta salir de los puestos de descenso.<\/p>\n\n\n\n<p>El Atl\u00e9tico de Madrid es el vigente campe\u00f3n del f\u00fatbol espa\u00f1ol pero matem\u00e1ticamente ya no puede revalidar su t\u00edtulo, y solo le queda cerrar bien el torneo, con la esperanza de quedar entre las primeras 4 posiciones de la tabla, para jugar la pr\u00f3xima Champions League.<\/p>\n","protected":false},"excerpt":{"rendered":"<p>Por Rogelio Romero El delantero portugu\u00e9s del Atl\u00e9tico de Madrid. Joao F\u00e9lix, se despidi\u00f3 de la temporada de f\u00fatbol espa\u00f1ol debido a una lesi\u00f3n en su muslo izquierdo, y que amerita unas seis semanas de fisioterapia. El joven atacante confirm\u00f3 la noticia en su cuenta de twitter, remarcando que la lesi\u00f3n lo deja pr\u00e1cticamente inactivo [&hellip;]<\/p>\n","protected":false},"author":1,"featured_media":74518,"comment_status":"open","ping_status":"open","sticky":true,"template":"","format":"standard","meta":{"footnotes":""},"categories":[8,14],"tags":[],"_links":{"self":[{"href":"https:\/\/diariodigitalmx.com\/index.php\/wp-json\/wp\/v2\/posts\/74516"}],"collection":[{"href":"https:\/\/diariodigitalmx.com\/index.php\/wp-json\/wp\/v2\/posts"}],"about":[{"href":"https:\/\/diariodigitalmx.com\/index.php\/wp-json\/wp\/v2\/types\/post"}],"author":[{"embeddable":true,"href":"https:\/\/diariodigitalmx.com\/index.php\/wp-json\/wp\/v2\/users\/1"}],"replies":[{"embeddable":true,"href":"https:\/\/diariodigitalmx.com\/index.php\/wp-json\/wp\/v2\/comments?post=74516"}],"version-history":[{"count":1,"href":"https:\/\/diariodigitalmx.com\/index.php\/wp-json\/wp\/v2\/posts\/74516\/revisions"}],"predecessor-version":[{"id":74517,"href":"https:\/\/diariodigitalmx.com\/index.php\/wp-json\/wp\/v2\/posts\/74516\/revisions\/74517"}],"wp:featuredmedia":[{"embeddable":true,"href":"https:\/\/diariodigitalmx.com\/index.php\/wp-json\/wp\/v2\/media\/74518"}],"wp:attachment":[{"href":"https:\/\/diariodigitalmx.com\/index.php\/wp-json\/wp\/v2\/media?parent=74516"}],"wp:term":[{"taxonomy":"category","embeddable":true,"href":"https:\/\/diariodigitalmx.com\/index.php\/wp-json\/wp\/v2\/categories?post=74516"},{"taxonomy":"post_tag","embeddable":true,"href":"https:\/\/diariodigitalmx.com\/index.php\/wp-json\/wp\/v2\/tags?post=74516"}],"curies":[{"name":"wp","href":"https:\/\/api.w.org\/{rel}","templated":true}]}}