{"id":74519,"date":"2022-04-19T07:41:54","date_gmt":"2022-04-19T12:41:54","guid":{"rendered":"http:\/\/diariodigitalmx.com\/?p=74519"},"modified":"2022-04-19T07:42:28","modified_gmt":"2022-04-19T12:42:28","slug":"tumba-jueza-federal-mandato-de-portar-cubrebocas-en-aviones","status":"publish","type":"post","link":"https:\/\/diariodigitalmx.com\/index.php\/2022\/04\/19\/tumba-jueza-federal-mandato-de-portar-cubrebocas-en-aviones\/","title":{"rendered":"Tumba jueza federal mandato de portar cubrebocas en aviones"},"content":{"rendered":"\n<p>Por Rogelio Romero<\/p>\n\n\n\n<p>Estados Unidos.- La juez federal con sede en Florida, Kathryn Kimball Mizelle, puso fin a la medida federal obligatoria de portar cubrebocas en aviones, trenes y otros medios de transporte nacional.<\/p>\n\n\n\n<p>En su resoluci\u00f3n la magistrada federal se\u00f1ala que la Administraci\u00f3n de Seguridad y Transporte (TSA por sus siglas&nbsp; en ingl\u00e9s), se hab\u00eda excedido en su autoridad como agencia al exigir el uso de cubrebocas en aviones, trenes y otros medios de transporte p\u00fablico.<\/p>\n\n\n\n<p>La TSA se\u00f1al\u00f3 en un comunicado que acatar\u00e1 la resoluci\u00f3n de la juez. Pero tambi\u00e9n \u201ceval\u00faa los pasos a seguir\u201d respecto al veredicto jur\u00eddico emitido.<\/p>\n\n\n\n<p>En Washington la vocera de prensa del gobierno federal, Jen Psaki, inform\u00f3 que el Departamento de Justicia analiza el resolutivo jur\u00eddico y, se recurrir\u00e1 a la apelaci\u00f3n de este en corte federal.<\/p>\n\n\n\n<p>Por lo pronto todas las personas que viajan a lo largo del pa\u00eds en&nbsp; avi\u00f3n, trenes u otro medio de transporte nacional, no podr\u00e1n ser obligadas a portar cubrebocas.<\/p>\n","protected":false},"excerpt":{"rendered":"<p>Por Rogelio Romero Estados Unidos.- La juez federal con sede en Florida, Kathryn Kimball Mizelle, puso fin a la medida federal obligatoria de portar cubrebocas en aviones, trenes y otros medios de transporte nacional. En su resoluci\u00f3n la magistrada federal se\u00f1ala que la Administraci\u00f3n de Seguridad y Transporte (TSA por sus siglas&nbsp; en ingl\u00e9s), se [&hellip;]<\/p>\n","protected":false},"author":1,"featured_media":74521,"comment_status":"open","ping_status":"open","sticky":true,"template":"","format":"standard","meta":{"footnotes":""},"categories":[4,5],"tags":[],"_links":{"self":[{"href":"https:\/\/diariodigitalmx.com\/index.php\/wp-json\/wp\/v2\/posts\/74519"}],"collection":[{"href":"https:\/\/diariodigitalmx.com\/index.php\/wp-json\/wp\/v2\/posts"}],"about":[{"href":"https:\/\/diariodigitalmx.com\/index.php\/wp-json\/wp\/v2\/types\/post"}],"author":[{"embeddable":true,"href":"https:\/\/diariodigitalmx.com\/index.php\/wp-json\/wp\/v2\/users\/1"}],"replies":[{"embeddable":true,"href":"https:\/\/diariodigitalmx.com\/index.php\/wp-json\/wp\/v2\/comments?post=74519"}],"version-history":[{"count":1,"href":"https:\/\/diariodigitalmx.com\/index.php\/wp-json\/wp\/v2\/posts\/74519\/revisions"}],"predecessor-version":[{"id":74520,"href":"https:\/\/diariodigitalmx.com\/index.php\/wp-json\/wp\/v2\/posts\/74519\/revisions\/74520"}],"wp:featuredmedia":[{"embeddable":true,"href":"https:\/\/diariodigitalmx.com\/index.php\/wp-json\/wp\/v2\/media\/74521"}],"wp:attachment":[{"href":"https:\/\/diariodigitalmx.com\/index.php\/wp-json\/wp\/v2\/media?parent=74519"}],"wp:term":[{"taxonomy":"category","embeddable":true,"href":"https:\/\/diariodigitalmx.com\/index.php\/wp-json\/wp\/v2\/categories?post=74519"},{"taxonomy":"post_tag","embeddable":true,"href":"https:\/\/diariodigitalmx.com\/index.php\/wp-json\/wp\/v2\/tags?post=74519"}],"curies":[{"name":"wp","href":"https:\/\/api.w.org\/{rel}","templated":true}]}}