{"id":7461,"date":"2019-07-06T17:56:32","date_gmt":"2019-07-06T22:56:32","guid":{"rendered":"http:\/\/diariodigitalmx.com\/?p=7461"},"modified":"2019-10-18T16:54:00","modified_gmt":"2019-10-18T21:54:00","slug":"argumenta-waldo-fernandez-congruencia-politica-y-declina-buscar-gubernatura-de-nuevo-leon-por-el-momento","status":"publish","type":"post","link":"https:\/\/diariodigitalmx.com\/index.php\/2019\/07\/06\/argumenta-waldo-fernandez-congruencia-politica-y-declina-buscar-gubernatura-de-nuevo-leon-por-el-momento\/","title":{"rendered":"Argumenta Waldo Fern\u00e1ndez congruencia pol\u00edtica y declina buscar gubernatura de Nuevo Le\u00f3n&#8230;por el momento"},"content":{"rendered":"\n<p>Por: Francisco J. Pe\u00f1a Medina<\/p>\n\n\n\n<p>Para no tomar  ventaja como alto funcionario de la actual administraci\u00f3n independiente, en relaci\u00f3n a otros personajes p\u00fablicos que han expresado  inter\u00e9s de ir por la gubernatura de Nuevo Le\u00f3n, Waldo Fern\u00e1ndez Gonz\u00e1lez pint\u00f3 su raya y declin\u00f3 buscar el cargo tras argumentar honestidad y congruencia pero adem\u00e1s aclar\u00f3:  &#8220;No quiero  convertirme en un tonto \u00fatil&#8221; de la pol\u00edtica.<\/p>\n\n\n\n<p>&#8220;La realidad es que desde el poder ejecutivo tienes ciertas condiciones de ventaja sobre algunos otros individuos, entonces yo pronunciarme sobre un asunto asi es incorrecto, lo que si te tengo que decir es que todos los que estamos en esto sobre todo los que somos cabezas en una secretaria o tenemos una parte como figura publica pues tenemos una aspiraci\u00f3n o sea politica es una profesi\u00f3n que vive del futuro, pero para vivir del futuro tienes que hacer un buen presente&#8221;<\/p>\n\n\n\n<p>&#8220;Hoy tengo cuentas que entregar y tengo que terminar entregando buenas cuentas llegaran los momentos y los tiempos y se vera, porque tambien hay otra situaci\u00f3n, hay tontos utiles y yo siempre he cuidado esa parte de no ser tonto util, porque puede ser que una aspiraci\u00f3n mia en una candidatura se covierta en una posibilidad de que gane otra persona&#8221;, manifest\u00f3 el Jefe de la Oficina Ejecutiva del Gobierno del Estado.<\/p>\n\n\n\n<p>En entrevista para el programa de televisi\u00f3n por internet, La PolemiKa Con K que se transmiti\u00f3 a trav\u00e9s de la plataforma Ahora Noticias, Fern\u00e1ndez Gonz\u00e1lez consider\u00f3 prioritario primero, cumplirle a los nuevoleoneses y despu\u00e9s renunciar al puesto de servidor p\u00fablico que ostenta para poder, entonces si, hablar abiertamente de sus aspiraciones pol\u00edticas.<\/p>\n\n\n\n<p>&#8220;Yo creo que el cierre profesional en la pol\u00edtica, porque tampoco quiero estar en esto toda la vida, tiene que venir con una campa\u00f1a \u00bfpara qu\u00e9? no lo se&#8221;, se\u00f1al\u00f3 el tambi\u00e9n representante del gobierno del Estado en la Ciudad de M\u00e9xico.<\/p>\n\n\n\n<p>Al hacer un balance de los logros obtenidos en su nueva faceta de funcionario, Waldo Fernandez mencion\u00f3  haber gestionado exitosamente la construcci\u00f3n de la Presa &#8220;Libertad&#8221;, la liberaci\u00f3n de recursos para  comprar los vagones de la tercera l\u00ednea del Metro y la concesi\u00f3n por parte de la federaci\u00f3n de 47 kil\u00f3metros de v\u00edas donde operar\u00e1 un tren ligero con una inversi\u00f3n de 13 mil millones de pesos.<\/p>\n\n\n\n<p>&#8220;Creo que hoy el resultado es de cien&#8221;, consider\u00f3 y dej\u00f3 entrever un cuarto anuncio trascendental pero se reserv\u00f3 la informaci\u00f3n para lanzarla en sus ya tradicionales conferencias de prensa conocidas como &#8220;Las Domingueras de Waldo&#8221;.<\/p>\n\n\n\n<p>A pregunta expresa durante la emisi\u00f3n de por qu\u00e9 decidi\u00f3 gastar su capital politico en el gobierno de Jaime Rodr\u00edguez Calder\u00f3n; una administraci\u00f3n desgastada, desprestigiada y marcada por el repudio de la ciudadan\u00eda, Fern\u00e1ndez Gonz\u00e1lez respondi\u00f3 que fue por el bien de Nuevo Le\u00f3n y con el prop\u00f3sito de enfrentar un gran reto.<\/p>\n\n\n\n<p>&#8220;Yo lo veo como meterte en un chiquero y ensuciar una trayectoria limpia, sin negativos. Con mucha raz\u00f3n dec\u00edan los abuelos dime con qui\u00e9n andas y te dir\u00e9 qui\u00e9n eres&#8221;, le solt\u00f3 con jiribilla uno de los periodistas a cargo de la conduccion del programa.<\/p>\n\n\n\n<p>&#8220;Pero tambi\u00e9n hay un dicho que dice que hay aves que cruzan el pantano y no se manchan\u2026 En principio de cuentas primero soy gente de Nuevo Le\u00f3n \u00a1aguas!&#8221;, replic\u00f3 h\u00e1bilmente el pol\u00edtico.<\/p>\n\n\n\n<p>Waldo Fern\u00e1ndez defendi\u00f3 a &#8220;El Bronco&#8221; de las criticas que vienen principalmente de  diputados y Senadores &#8220;que no hacen nada por el Estado&#8221; y a quienes calific\u00f3 de &#8220;pol\u00edticos estomacales que atacan pero no construyen&#8221;.<\/p>\n\n\n\n<p>&#8220;\u201cEntonces \u00bfqu\u00e9 estan haciendo?, todo mundo esta acostumbrado a estar tirando estiercol, malo, asesino perro, atacan pero no construyen; hemos generado una sociedad de politicos estomacales que lo unico que generan es estiercol, enfatiz\u00f3 el ex diputado federal por el PRD.<\/p>\n\n\n\n<p>&#8220;Yo quisiera que le preguntaran hoy a los diputados, a los senadores, a los diputados locales; \u00bfqu\u00e9 han hecho por Nuevo Le\u00f3n?, \u00bfme explico?, pero de manera tangible. Yo cuando fui diputado consegui 500 millones de pesos en tres a\u00f1os y ahi estan, aparte lo hice publico, lo hice de manera transparente le di dinero a alcaldes del PRI, del PAN del PRD, al gobierno independiente&#8221;, precis\u00f3. <\/p>\n\n\n\n<p>En relaci\u00f3n al Frente Amplio Nuevoleones anunciado en exclusiva por el diputado federal Santiago Gonz\u00e1lez Soto en La PolemiKa Con K, con miras a las elecciones del 2021, Waldo Fern\u00e1ndez dijo que es una visi\u00f3n interesante, adelantada a los tiempos pol\u00edticos, pues vaticin\u00f3 que el pr\u00f3ximo gobierno estatal debe surgir de una coalici\u00f3n.<\/p>\n\n\n\n<p>&#8220;A ver, Santiago tiene una visi\u00f3n muy interesante, uno de los factores de esta elecci\u00f3n va a ser la pulverizaci\u00f3n del voto, ahi estan saliendo algunas encuestas y el voto esta pulverizado . La visi\u00f3n de Santiago es muy correcta porque gane quien gane vas a tener que votar por el que al d\u00eda siguiente de la elecci\u00f3n te garantice viabilidad al gobierno, creo que se va estrenar la figura de gobierno de coalici\u00f3n&#8221;.<\/p>\n\n\n\n<p>&#8220;Creo que de lo que habla Santiago de armar un frente con diferentes actores me parece muy interesante porque Nuevo Le\u00f3n lo que requiere es un gobierno de Coalici\u00f3n, \u00e9l se anticipa lo hace antes de la boleta cosa que me parece bastante bien, ojala los intereses legitimos de cada persona pues se convinen para que ese frente se pueda armar y puedan ir los candidatos que consideren&#8221;, afirm\u00f3 Fern\u00e1ndez Gonz\u00e1lez.<\/p>\n\n\n\n<p>El ex perredista y a\u00fan inclinado a la izquierda, hizo el retrato hablado del perfil que debe reunir el siguiente gobernador de Nuevo Le\u00f3n.<\/p>\n\n\n\n<p>&#8220;Creo que debe inspirar serenidad a la poblaci\u00f3n, tiene que tener un conocimiento fundamental de la problem\u00e1tica del estado, no es enchilame esta gorda, tener la habilidad para conseguir recursos federales y no me estiy candidateando (Risas) tener una visi\u00f3n global, porque Nuevo Le\u00f3n es el Estado que mas  recibe  inversi\u00f3n extranjera y con este gobierno ha llegado mas&#8221;, enfatiz\u00f3.<\/p>\n\n\n\n<p>Waldo Fern\u00e1ndez consider\u00f3 que a pesar de la idiosincrasia de los nuevoleoneses bien podr\u00eda ser una mujer la que tome las riendas del Estado.<\/p>\n\n\n\n<p>&#8220;Yo votar\u00eda por ella&#8221;, revel\u00f3.<\/p>\n\n\n\n<p>&#8220;\u00bfEsta preparado entinces Nuevo Leon para que una mujer sea la pr\u00f3xima gobernadora?&#8221;, se le inquiri\u00f3 en la entrevista.<\/p>\n\n\n\n<p>&#8220;Es una pregunta cargada te acabo de decir que la principal heroina de mi vida es mi mam\u00e1, su historia de la cultura del esfuerzo, yo si creo que las mujeres no tienen el potencial, son el potencial porque el potencial es en este momento, si puede ser creo que va ser una elecci\u00f3n muy re\u00f1ida, ojala y gane la persona que Nuevo Le\u00f3n necesita que tenga una visi\u00f3n de Estado, pero pues si, las mujeres pueden y lo han demostrado&#8221;, se\u00f1al\u00f3.<\/p>\n\n\n\n<p>Hijo de padre espa\u00f1ol y madre mexicana, Waldo Fern\u00e1ndez Gonz\u00e1lez vivi\u00f3 su infancia en el fraccionamiento Bernardo Reyes, en Monterrey, viene &#8220;desde abajo&#8221; acepta con orgullo que su abuela materna fue sirvienta y su madre una hero\u00edna, que abrev\u00f3 sus conocimientos en la escuela p\u00fablica y que su compromiso es con  Nuevo Le\u00f3n.<\/p>\n","protected":false},"excerpt":{"rendered":"<p>Por: Francisco J. Pe\u00f1a Medina Para no tomar ventaja como alto funcionario de la actual administraci\u00f3n independiente, en relaci\u00f3n a otros personajes p\u00fablicos que han expresado inter\u00e9s de ir por la gubernatura de Nuevo Le\u00f3n, Waldo Fern\u00e1ndez Gonz\u00e1lez pint\u00f3 su raya y declin\u00f3 buscar el cargo tras argumentar honestidad y congruencia pero adem\u00e1s aclar\u00f3: &#8220;No [&hellip;]<\/p>\n","protected":false},"author":1,"featured_media":7463,"comment_status":"open","ping_status":"open","sticky":true,"template":"","format":"standard","meta":{"footnotes":""},"categories":[6],"tags":[],"_links":{"self":[{"href":"https:\/\/diariodigitalmx.com\/index.php\/wp-json\/wp\/v2\/posts\/7461"}],"collection":[{"href":"https:\/\/diariodigitalmx.com\/index.php\/wp-json\/wp\/v2\/posts"}],"about":[{"href":"https:\/\/diariodigitalmx.com\/index.php\/wp-json\/wp\/v2\/types\/post"}],"author":[{"embeddable":true,"href":"https:\/\/diariodigitalmx.com\/index.php\/wp-json\/wp\/v2\/users\/1"}],"replies":[{"embeddable":true,"href":"https:\/\/diariodigitalmx.com\/index.php\/wp-json\/wp\/v2\/comments?post=7461"}],"version-history":[{"count":1,"href":"https:\/\/diariodigitalmx.com\/index.php\/wp-json\/wp\/v2\/posts\/7461\/revisions"}],"predecessor-version":[{"id":7462,"href":"https:\/\/diariodigitalmx.com\/index.php\/wp-json\/wp\/v2\/posts\/7461\/revisions\/7462"}],"wp:featuredmedia":[{"embeddable":true,"href":"https:\/\/diariodigitalmx.com\/index.php\/wp-json\/wp\/v2\/media\/7463"}],"wp:attachment":[{"href":"https:\/\/diariodigitalmx.com\/index.php\/wp-json\/wp\/v2\/media?parent=7461"}],"wp:term":[{"taxonomy":"category","embeddable":true,"href":"https:\/\/diariodigitalmx.com\/index.php\/wp-json\/wp\/v2\/categories?post=7461"},{"taxonomy":"post_tag","embeddable":true,"href":"https:\/\/diariodigitalmx.com\/index.php\/wp-json\/wp\/v2\/tags?post=7461"}],"curies":[{"name":"wp","href":"https:\/\/api.w.org\/{rel}","templated":true}]}}