{"id":74616,"date":"2022-04-20T10:23:33","date_gmt":"2022-04-20T15:23:33","guid":{"rendered":"http:\/\/diariodigitalmx.com\/?p=74616"},"modified":"2022-04-20T10:24:53","modified_gmt":"2022-04-20T15:24:53","slug":"en-monterrey-apoyo-a-los-changarros-lanzan-ahora-emprendemos-juntos","status":"publish","type":"post","link":"https:\/\/diariodigitalmx.com\/index.php\/2022\/04\/20\/en-monterrey-apoyo-a-los-changarros-lanzan-ahora-emprendemos-juntos\/","title":{"rendered":"En Monterrey apoyo a los changarros; lanzan \u201cAhora Emprendemos Juntos\u201d"},"content":{"rendered":"\n<p>&nbsp;<\/p>\n\n\n\n<p>Monterrey &#8211;&nbsp; En esta ciudad capital se apoya los changarritos para consolidar formalmente al empresario.&nbsp;<\/p>\n\n\n\n<p>El gobierno de Monterrey, a trav\u00e9s de la Secretar\u00eda de Desarrollo Econ\u00f3mico, lanz\u00f3 la convocatoria para participar en el programa \u201cProyectos Productivos Ahora Emprendemos Juntos\u201d.&nbsp;<\/p>\n\n\n\n<p>Se apoyar\u00e1 en especie y por igual a micro, peque\u00f1os y medianos empresarios ya sean adultos mayores, personas con discapacidad, o a cualquiera con un proyecto competitivo, explica el Alcalde de Monterrey, Luis Donaldo Colosio Riojas.<\/p>\n\n\n\n<figure class=\"wp-block-image size-large\"><img loading=\"lazy\" decoding=\"async\" width=\"1024\" height=\"682\" src=\"http:\/\/diariodigitalmx.com\/wp-content\/uploads\/2022\/04\/1-1.jpeg\" alt=\"\" class=\"wp-image-74620\" srcset=\"https:\/\/diariodigitalmx.com\/wp-content\/uploads\/2022\/04\/1-1.jpeg 1024w, https:\/\/diariodigitalmx.com\/wp-content\/uploads\/2022\/04\/1-1-300x200.jpeg 300w, https:\/\/diariodigitalmx.com\/wp-content\/uploads\/2022\/04\/1-1-768x512.jpeg 768w\" sizes=\"(max-width: 1024px) 100vw, 1024px\" \/><\/figure>\n\n\n\n<p>&nbsp;El apoyo a fondo perdido para esta primera etapa es de 1.5 millones de pesos y variar\u00e1 de 10 mil a 70 mil pesos en especie por proyecto, para continuar o perfeccionar su actividad, producto o servicio, al tiempo que se le otorgar\u00e1 asesor\u00eda especializada<\/p>\n\n\n\n<p>Coment\u00f3 que se vio la necesidad de crear este programa debido a que hasta el 95 por ciento de los negocios de reciente creaci\u00f3n no cuentan con una asesor\u00eda jur\u00eddica, ni las herramientas necesarias para inyectar prosperidad a su actividad econ\u00f3mica<\/p>\n\n\n\n<p>Colosio Riojas inform\u00f3 que la convocatoria estar\u00e1 abierta hasta el 11 de mayo para recibir las solicitudes, luego tendr\u00e1n un plazo de 10 d\u00edas para estudiar las propuestas y a final del pr\u00f3ximo mes repartir el recurso.<\/p>\n\n\n\n<figure class=\"wp-block-image size-large\"><img loading=\"lazy\" decoding=\"async\" width=\"1024\" height=\"682\" src=\"http:\/\/diariodigitalmx.com\/wp-content\/uploads\/2022\/04\/2-1.jpeg\" alt=\"\" class=\"wp-image-74622\" srcset=\"https:\/\/diariodigitalmx.com\/wp-content\/uploads\/2022\/04\/2-1.jpeg 1024w, https:\/\/diariodigitalmx.com\/wp-content\/uploads\/2022\/04\/2-1-300x200.jpeg 300w, https:\/\/diariodigitalmx.com\/wp-content\/uploads\/2022\/04\/2-1-768x512.jpeg 768w\" sizes=\"(max-width: 1024px) 100vw, 1024px\" \/><\/figure>\n\n\n\n<p>Con el Centro de Emprendimiento, se les da acompa\u00f1amiento en tr\u00e1mites, asesor\u00edas, talleres, capacitaciones, se les vincula con la proveedur\u00eda local, y a las cadenas productivas, tienen la opci\u00f3n de acceder a cr\u00e9ditos a la palabra y ahora a recibir apoyo en especie.<\/p>\n\n\n\n<p>Por su parte, la Secretaria de Desarrollo Econ\u00f3mico, Betsab\u00e9 Rocha Nieto, explic\u00f3 que para acceder a este programa los interesados deber\u00e1n ser mayores de edad, radicar en Monterrey, estar inscritos o solicitar su ingreso al Sistema de Administraci\u00f3n Tributaria (SAT).<\/p>\n\n\n\n<p>Con este tipo de acciones, se reafirma el compromiso que la actual Administraci\u00f3n de Monterrey con las m\u00e1s de 61 mil micro, peque\u00f1as y medianas empresas (MiPyMES) que existen en la ciudad.<\/p>\n\n\n\n<p>&nbsp;Los interesados pueden acudir a inscribirse al programa al Centro de Emprendimiento Municipal en la planta baja del Pabell\u00f3n M en la esquina de las avenidas Ju\u00e1rez y Constituci\u00f3n en la zona centro en horario de oficina.<\/p>\n","protected":false},"excerpt":{"rendered":"<p>&nbsp; Monterrey &#8211;&nbsp; En esta ciudad capital se apoya los changarritos para consolidar formalmente al empresario.&nbsp; El gobierno de Monterrey, a trav\u00e9s de la Secretar\u00eda de Desarrollo Econ\u00f3mico, lanz\u00f3 la convocatoria para participar en el programa \u201cProyectos Productivos Ahora Emprendemos Juntos\u201d.&nbsp; Se apoyar\u00e1 en especie y por igual a micro, peque\u00f1os y medianos empresarios ya [&hellip;]<\/p>\n","protected":false},"author":1,"featured_media":74618,"comment_status":"open","ping_status":"open","sticky":true,"template":"","format":"standard","meta":{"footnotes":""},"categories":[14,6],"tags":[],"_links":{"self":[{"href":"https:\/\/diariodigitalmx.com\/index.php\/wp-json\/wp\/v2\/posts\/74616"}],"collection":[{"href":"https:\/\/diariodigitalmx.com\/index.php\/wp-json\/wp\/v2\/posts"}],"about":[{"href":"https:\/\/diariodigitalmx.com\/index.php\/wp-json\/wp\/v2\/types\/post"}],"author":[{"embeddable":true,"href":"https:\/\/diariodigitalmx.com\/index.php\/wp-json\/wp\/v2\/users\/1"}],"replies":[{"embeddable":true,"href":"https:\/\/diariodigitalmx.com\/index.php\/wp-json\/wp\/v2\/comments?post=74616"}],"version-history":[{"count":4,"href":"https:\/\/diariodigitalmx.com\/index.php\/wp-json\/wp\/v2\/posts\/74616\/revisions"}],"predecessor-version":[{"id":74623,"href":"https:\/\/diariodigitalmx.com\/index.php\/wp-json\/wp\/v2\/posts\/74616\/revisions\/74623"}],"wp:featuredmedia":[{"embeddable":true,"href":"https:\/\/diariodigitalmx.com\/index.php\/wp-json\/wp\/v2\/media\/74618"}],"wp:attachment":[{"href":"https:\/\/diariodigitalmx.com\/index.php\/wp-json\/wp\/v2\/media?parent=74616"}],"wp:term":[{"taxonomy":"category","embeddable":true,"href":"https:\/\/diariodigitalmx.com\/index.php\/wp-json\/wp\/v2\/categories?post=74616"},{"taxonomy":"post_tag","embeddable":true,"href":"https:\/\/diariodigitalmx.com\/index.php\/wp-json\/wp\/v2\/tags?post=74616"}],"curies":[{"name":"wp","href":"https:\/\/api.w.org\/{rel}","templated":true}]}}