{"id":74711,"date":"2022-04-21T11:03:04","date_gmt":"2022-04-21T16:03:04","guid":{"rendered":"http:\/\/diariodigitalmx.com\/?p=74711"},"modified":"2022-04-21T11:04:13","modified_gmt":"2022-04-21T16:04:13","slug":"retira-nl-el-uso-del-cubrebocas","status":"publish","type":"post","link":"https:\/\/diariodigitalmx.com\/index.php\/2022\/04\/21\/retira-nl-el-uso-del-cubrebocas\/","title":{"rendered":"Retira NL el uso del cubrebocas"},"content":{"rendered":"\n<p>Walter Elizondo <\/p>\n\n\n\n<p>Monterrey &#8211; A partir del pr\u00f3ximo domingo Nuevo Le\u00f3n elimina el uso de cubrebocas en espacios cerrados.&nbsp;<\/p>\n\n\n\n<p>Sin embargo, hay algunas excepciones donde s\u00ed deber\u00e1 seguir su uso obligatorio como guarder\u00edas escuelas, hospitales, farmacias transporte p\u00fablico, asilos, lugares de reposo y aeropuertos.&nbsp;<\/p>\n\n\n\n<p>El anuncio lo hizo el gobernador Samuel Garc\u00eda tras de que la decisi\u00f3n la aval\u00f3 el Comit\u00e9 de Salud.&nbsp;<\/p>\n\n\n\n<p>La medida se tom\u00f3 ante el bajo nivel de contagios, hospitalizaciones y fallecimientos por Covid-19, adem\u00e1s de que Nuevo Le\u00f3n tiene siete semanas con el sem\u00e1foro epidemiol\u00f3gico en verde.<\/p>\n\n\n\n<p>&#8220;Le voy a dar a la sociedad una gran noticia por responsables y ser una comunidad en vanguardia, el comit\u00e9 nos aval\u00f3 el uso opcional del cubrebocas en espacios abiertos y cerrados con un solo lineamiento: sigan promoviendo la vacunaci\u00f3n y cu\u00eddenme mucho a los grupos vulnerables y aglomeraci\u00f3n masiva&#8221;, explic\u00f3 Garc\u00eda Sep\u00falveda.&nbsp;<\/p>\n\n\n\n<p>Record\u00f3 que Nuevo Le\u00f3n fue el primero que vacuno a menores de edad en la vacunaci\u00f3n Transfronteriza, que hoy tiene 240 mil; primero en regresar a clases presenciales; primer estado en decretar el uso opcional del cubrebocas.<\/p>\n\n\n\n<p>El decreto para convertir a Nuevo Le\u00f3n en el primer estado en retirar el cubrebocas se publicar\u00e1 ma\u00f1ana viernes.&nbsp;<\/p>\n","protected":false},"excerpt":{"rendered":"<p>Walter Elizondo Monterrey &#8211; A partir del pr\u00f3ximo domingo Nuevo Le\u00f3n elimina el uso de cubrebocas en espacios cerrados.&nbsp; Sin embargo, hay algunas excepciones donde s\u00ed deber\u00e1 seguir su uso obligatorio como guarder\u00edas escuelas, hospitales, farmacias transporte p\u00fablico, asilos, lugares de reposo y aeropuertos.&nbsp; El anuncio lo hizo el gobernador Samuel Garc\u00eda tras de que [&hellip;]<\/p>\n","protected":false},"author":1,"featured_media":74713,"comment_status":"open","ping_status":"open","sticky":true,"template":"","format":"standard","meta":{"footnotes":""},"categories":[6,3],"tags":[],"_links":{"self":[{"href":"https:\/\/diariodigitalmx.com\/index.php\/wp-json\/wp\/v2\/posts\/74711"}],"collection":[{"href":"https:\/\/diariodigitalmx.com\/index.php\/wp-json\/wp\/v2\/posts"}],"about":[{"href":"https:\/\/diariodigitalmx.com\/index.php\/wp-json\/wp\/v2\/types\/post"}],"author":[{"embeddable":true,"href":"https:\/\/diariodigitalmx.com\/index.php\/wp-json\/wp\/v2\/users\/1"}],"replies":[{"embeddable":true,"href":"https:\/\/diariodigitalmx.com\/index.php\/wp-json\/wp\/v2\/comments?post=74711"}],"version-history":[{"count":1,"href":"https:\/\/diariodigitalmx.com\/index.php\/wp-json\/wp\/v2\/posts\/74711\/revisions"}],"predecessor-version":[{"id":74712,"href":"https:\/\/diariodigitalmx.com\/index.php\/wp-json\/wp\/v2\/posts\/74711\/revisions\/74712"}],"wp:featuredmedia":[{"embeddable":true,"href":"https:\/\/diariodigitalmx.com\/index.php\/wp-json\/wp\/v2\/media\/74713"}],"wp:attachment":[{"href":"https:\/\/diariodigitalmx.com\/index.php\/wp-json\/wp\/v2\/media?parent=74711"}],"wp:term":[{"taxonomy":"category","embeddable":true,"href":"https:\/\/diariodigitalmx.com\/index.php\/wp-json\/wp\/v2\/categories?post=74711"},{"taxonomy":"post_tag","embeddable":true,"href":"https:\/\/diariodigitalmx.com\/index.php\/wp-json\/wp\/v2\/tags?post=74711"}],"curies":[{"name":"wp","href":"https:\/\/api.w.org\/{rel}","templated":true}]}}