{"id":74714,"date":"2022-04-21T12:56:01","date_gmt":"2022-04-21T17:56:01","guid":{"rendered":"http:\/\/diariodigitalmx.com\/?p=74714"},"modified":"2022-04-21T12:58:14","modified_gmt":"2022-04-21T17:58:14","slug":"por-esto-amlo-le-tiene-respeto-a-pena-nieto","status":"publish","type":"post","link":"https:\/\/diariodigitalmx.com\/index.php\/2022\/04\/21\/por-esto-amlo-le-tiene-respeto-a-pena-nieto\/","title":{"rendered":"Por esto, AMLO le tiene respeto a Pe\u00f1a Nieto"},"content":{"rendered":"\n<p>CDMX &#8211; El respeto que Andr\u00e9s Manuel L\u00f3pez Obrador le tiene a&nbsp;Enrique Pe\u00f1a Nieto, se debe a que&nbsp; no se meti\u00f3 en la elecci\u00f3n presidencial de 2018 como s\u00ed lo hicieron en su momento Vicente Fox y Felipe Calder\u00f3n.<\/p>\n\n\n\n<p>&#8220;Le tengo respeto al presidente Pe\u00f1a Nieto, puede ser cuestionado. Lo denunci\u00e9 y lo acus\u00e9 de traidor a la patria.Le tengo consideraci\u00f3n y respeto porque a diferencia de Calder\u00f3n y Fox, no se meti\u00f3 en la elecci\u00f3n&#8221;.&nbsp;<\/p>\n\n\n\n<p>Adem\u00e1s, acus\u00f3 que Fox y Calder\u00f3n le hicieron fraude electoral para la Presidencia.<\/p>\n\n\n\n<p>Asegur\u00f3 que tiene informaci\u00f3n de que &#8220;los machuchones&#8221; buscaron a Pe\u00f1a Nieto en 2018 para unir fuerzas en su contra.<\/p>\n\n\n\n<p>L\u00f3pez Obrador coment\u00f3 que primero propusieron hacer a un lado a Jos\u00e9 Antonio Meade y luego a Ricardo Anaya para buscar impedir que ganara la Presidencia, sin embargo, destac\u00f3 que tiene informaci\u00f3n de que Pe\u00f1a Nieto no acept\u00f3.<\/p>\n\n\n\n<p>El presidente L\u00f3pez Obrador toc\u00f3 este tema al defender la campa\u00f1a de Morena de &#8220;traidores a la patria&#8221; contra los diputados de la oposici\u00f3n que votaron contra la reforma el\u00e9ctrica.<\/p>\n","protected":false},"excerpt":{"rendered":"<p>CDMX &#8211; El respeto que Andr\u00e9s Manuel L\u00f3pez Obrador le tiene a&nbsp;Enrique Pe\u00f1a Nieto, se debe a que&nbsp; no se meti\u00f3 en la elecci\u00f3n presidencial de 2018 como s\u00ed lo hicieron en su momento Vicente Fox y Felipe Calder\u00f3n. &#8220;Le tengo respeto al presidente Pe\u00f1a Nieto, puede ser cuestionado. Lo denunci\u00e9 y lo acus\u00e9 de [&hellip;]<\/p>\n","protected":false},"author":1,"featured_media":74716,"comment_status":"open","ping_status":"open","sticky":true,"template":"","format":"standard","meta":{"footnotes":""},"categories":[2,5],"tags":[],"_links":{"self":[{"href":"https:\/\/diariodigitalmx.com\/index.php\/wp-json\/wp\/v2\/posts\/74714"}],"collection":[{"href":"https:\/\/diariodigitalmx.com\/index.php\/wp-json\/wp\/v2\/posts"}],"about":[{"href":"https:\/\/diariodigitalmx.com\/index.php\/wp-json\/wp\/v2\/types\/post"}],"author":[{"embeddable":true,"href":"https:\/\/diariodigitalmx.com\/index.php\/wp-json\/wp\/v2\/users\/1"}],"replies":[{"embeddable":true,"href":"https:\/\/diariodigitalmx.com\/index.php\/wp-json\/wp\/v2\/comments?post=74714"}],"version-history":[{"count":3,"href":"https:\/\/diariodigitalmx.com\/index.php\/wp-json\/wp\/v2\/posts\/74714\/revisions"}],"predecessor-version":[{"id":74718,"href":"https:\/\/diariodigitalmx.com\/index.php\/wp-json\/wp\/v2\/posts\/74714\/revisions\/74718"}],"wp:featuredmedia":[{"embeddable":true,"href":"https:\/\/diariodigitalmx.com\/index.php\/wp-json\/wp\/v2\/media\/74716"}],"wp:attachment":[{"href":"https:\/\/diariodigitalmx.com\/index.php\/wp-json\/wp\/v2\/media?parent=74714"}],"wp:term":[{"taxonomy":"category","embeddable":true,"href":"https:\/\/diariodigitalmx.com\/index.php\/wp-json\/wp\/v2\/categories?post=74714"},{"taxonomy":"post_tag","embeddable":true,"href":"https:\/\/diariodigitalmx.com\/index.php\/wp-json\/wp\/v2\/tags?post=74714"}],"curies":[{"name":"wp","href":"https:\/\/api.w.org\/{rel}","templated":true}]}}