{"id":74745,"date":"2022-04-21T22:14:36","date_gmt":"2022-04-22T03:14:36","guid":{"rendered":"http:\/\/diariodigitalmx.com\/?p=74745"},"modified":"2022-04-21T22:15:53","modified_gmt":"2022-04-22T03:15:53","slug":"asi-fue-el-dia-que-el-bronco-amenazo-a-samuel-con-darle-una-chinga","status":"publish","type":"post","link":"https:\/\/diariodigitalmx.com\/index.php\/2022\/04\/21\/asi-fue-el-dia-que-el-bronco-amenazo-a-samuel-con-darle-una-chinga\/","title":{"rendered":"As\u00ed fue el d\u00eda que El Bronco amenaz\u00f3 a Samuel con darle una chinga"},"content":{"rendered":"\n<p>Walter Elizondo&nbsp;<\/p>\n\n\n\n<p>Monterrey &#8211; En pleno poder, el entonces gobernador Jaime Rodr\u00edguez Calder\u00f3n le advirti\u00f3 al senador Samuel Garc\u00eda Sep\u00falveda que le &#8220;pondr\u00eda una chinga&#8221;.&nbsp;<\/p>\n\n\n\n<p>El Gobernador Samuel Garc\u00eda record\u00f3 cuando su antecesor Jaime Rodr\u00edguez Calder\u00f3n, hoy en la c\u00e1rcel, le&nbsp; dijo en un evento que le iba a poner una chinga.&nbsp;<\/p>\n\n\n\n<p>Garc\u00eda habl\u00f3 as\u00ed en la inauguraci\u00f3n de la tradicional y anual&nbsp; Expo Guadalupe y en donde record\u00f3 la an\u00e9cdota.&nbsp;<\/p>\n\n\n\n<p>&nbsp;&#8220;Ahorita me acord\u00e9 que hubo un a\u00f1o muy peculiar y voy a iniciar con esta an\u00e9cdota: hace como tres a\u00f1os, ya como senador, un d\u00eda me levant\u00e9 y fui a denunciar penalmente a un ex gobernador por las &#8216;bronco firmas\u201d, coment\u00f3.&nbsp;<\/p>\n\n\n\n<p>Los hechos fueron&nbsp; en 2019 y el l\u00edder de la ganadera Adri\u00e1n de la Garza Tijeirna, lo invit\u00f3 en 2019 a subir al estrado a dar un mensaje como senador.&nbsp;<\/p>\n\n\n\n<p>Cuando le toc\u00f3 el turno al entonces gobernador no refiri\u00f3 a ning\u00fan tema relacionado con el campo, y utiliz\u00f3 su espacio y micr\u00f3fono para referirse al entonces senador aunque no cit\u00f3 su nombre.&nbsp;<\/p>\n\n\n\n<p>&nbsp;&#8220;Ese d\u00eda, despu\u00e9s de presentar la denuncia, me habla mi compadre Adri\u00e1n para venir a la comida y me subiste al presidium como senador de la Rep\u00fablica y lleg\u00f3 este personaje y cuando lleg\u00f3 aqu\u00ed a una (sala) previa, a un saloncito,&nbsp; lleg\u00f3 saludando como si nada, yo dije: pues, no se ha de haber enterado\u201d.<\/p>\n\n\n\n<p>&nbsp;&#8220;Pero cuando le diste el micr\u00f3fono, nunca se me va a olvidar; no habl\u00f3 de progreso, no habl\u00f3 de apoyos, estaba aqu\u00ed todo el auditorio esperando qu\u00e9 programa va a sacar o qu\u00e9 lana le va a dar al campo, nada m\u00e1s dijo que hab\u00eda alguien en la tribuna que dec\u00eda puras mentiras y que le iba a poner una chinga (sic.), as\u00ed dijo literal&#8221;, record\u00f3 el ahora gobernador.<\/p>\n\n\n\n<p>&nbsp;&nbsp;<\/p>\n","protected":false},"excerpt":{"rendered":"<p>Walter Elizondo&nbsp; Monterrey &#8211; En pleno poder, el entonces gobernador Jaime Rodr\u00edguez Calder\u00f3n le advirti\u00f3 al senador Samuel Garc\u00eda Sep\u00falveda que le &#8220;pondr\u00eda una chinga&#8221;.&nbsp; El Gobernador Samuel Garc\u00eda record\u00f3 cuando su antecesor Jaime Rodr\u00edguez Calder\u00f3n, hoy en la c\u00e1rcel, le&nbsp; dijo en un evento que le iba a poner una chinga.&nbsp; Garc\u00eda habl\u00f3 as\u00ed [&hellip;]<\/p>\n","protected":false},"author":1,"featured_media":74748,"comment_status":"open","ping_status":"open","sticky":true,"template":"","format":"standard","meta":{"footnotes":""},"categories":[14,6],"tags":[],"_links":{"self":[{"href":"https:\/\/diariodigitalmx.com\/index.php\/wp-json\/wp\/v2\/posts\/74745"}],"collection":[{"href":"https:\/\/diariodigitalmx.com\/index.php\/wp-json\/wp\/v2\/posts"}],"about":[{"href":"https:\/\/diariodigitalmx.com\/index.php\/wp-json\/wp\/v2\/types\/post"}],"author":[{"embeddable":true,"href":"https:\/\/diariodigitalmx.com\/index.php\/wp-json\/wp\/v2\/users\/1"}],"replies":[{"embeddable":true,"href":"https:\/\/diariodigitalmx.com\/index.php\/wp-json\/wp\/v2\/comments?post=74745"}],"version-history":[{"count":2,"href":"https:\/\/diariodigitalmx.com\/index.php\/wp-json\/wp\/v2\/posts\/74745\/revisions"}],"predecessor-version":[{"id":74749,"href":"https:\/\/diariodigitalmx.com\/index.php\/wp-json\/wp\/v2\/posts\/74745\/revisions\/74749"}],"wp:featuredmedia":[{"embeddable":true,"href":"https:\/\/diariodigitalmx.com\/index.php\/wp-json\/wp\/v2\/media\/74748"}],"wp:attachment":[{"href":"https:\/\/diariodigitalmx.com\/index.php\/wp-json\/wp\/v2\/media?parent=74745"}],"wp:term":[{"taxonomy":"category","embeddable":true,"href":"https:\/\/diariodigitalmx.com\/index.php\/wp-json\/wp\/v2\/categories?post=74745"},{"taxonomy":"post_tag","embeddable":true,"href":"https:\/\/diariodigitalmx.com\/index.php\/wp-json\/wp\/v2\/tags?post=74745"}],"curies":[{"name":"wp","href":"https:\/\/api.w.org\/{rel}","templated":true}]}}