{"id":74810,"date":"2022-04-22T15:27:56","date_gmt":"2022-04-22T20:27:56","guid":{"rendered":"http:\/\/diariodigitalmx.com\/?p=74810"},"modified":"2022-04-22T15:31:24","modified_gmt":"2022-04-22T20:31:24","slug":"si-se-meten-con-una-mujer-se-meten-conmigo-samuel-que-cumpla-exigen-mujeres","status":"publish","type":"post","link":"https:\/\/diariodigitalmx.com\/index.php\/2022\/04\/22\/si-se-meten-con-una-mujer-se-meten-conmigo-samuel-que-cumpla-exigen-mujeres\/","title":{"rendered":"&#8220;Si se meten con una mujer, se meten conmigo: Samuel; que cumpla exigen mujeres"},"content":{"rendered":"\n<figure class=\"wp-block-video\"><video controls src=\"http:\/\/diariodigitalmx.com\/wp-content\/uploads\/2022\/04\/VID-20220422-WA0002-1.mp4\"><\/video><\/figure>\n\n\n\n<p><\/p>\n\n\n\n<p>Walter Elizondo<\/p>\n\n\n\n<p>Monterrey &#8211; &#8220;Que quede bien claro, si se meten con una mujer se meten conmigo y con todo el gobierno del nuevo Nuevo Le\u00f3n &#8220;, advirti\u00f3 Samuel Garc\u00eda, primero como candidato, luego ya como gobernador; ahora las mujeres le exigen cumpla su palabra.<br>Ante la crisis de desapariciones de mujeres que enfrenta el\u00a0 gobierno, grupos de mujeres y colectivos han salido a la calle a exigir justicia y poner un alto a la inseguridad y a la violencia contra ellas.\u00a0<br>Lo hicieron el 10\u00a0 de abril cuando cientos de mujeres marcharon por las calles y luego un grupo de feministas encapuchados prendi\u00f3 fuego a una de las puertas del palacio estatal. Ahora saldr\u00e1n nuevamente la tarde de este viernes 22.<\/p>\n\n\n\n<p><br>Sin embargo, su gobierno, a trav\u00e9s del secretario de Seguridad P\u00fablica,\u00a0 Aldo Fasci\u00a0 asegura que en el caso de Debahni,\u00a0 esa dependencia no estaba a cargo, y atribuye a la Fiscal\u00eda.\u00a0<br>Pese a ello califica el trabajo de la Fiscal\u00eda\u00a0 de tener una falla humana masiva por haber localizado el cuerpo de Debahni hasta la cuarta ocasi\u00f3n de revisar el lugar.<br>&#8220;Es una falla humana masiva, ah\u00ed estuvieron cuatro veces y no encontraron nada&#8221;.<br>Las activistas Jennifer Aguayo, Vanessa Jim\u00e9nez, Sandra Cardona y Nadia Garza , coinciden en exigir justicia y que se deengan las agresiones a las mujeres, que de acuerdo a datos oficiales de la Fiscal\u00eda, son ya 25 las mujeres reportadas como desaparecidas.<br>Representantes de diversos colectivos estuvieron con el gobernador Samuel Garc\u00eda para plantearle sus inquietudes.<br>Recordaron que han sido agredidas y pidieron un alto a la represi\u00f3n represi\u00f3n las manifestaciones\u00a0 \u00a0adem\u00e1s de que censuraron que cuando desapareci\u00f3 Mar\u00eda Fern\u00e1ndez, la Fiscal\u00eda les cerr\u00f3 las puertas y se neg\u00f3 a recibir un pliego petitorio.<\/p>\n\n\n\n<figure class=\"wp-block-image size-large\"><img loading=\"lazy\" decoding=\"async\" width=\"1024\" height=\"579\" src=\"http:\/\/diariodigitalmx.com\/wp-content\/uploads\/2022\/04\/Screenshot_20220422_143110_com.whatsapp2-1024x579.jpg\" alt=\"\" class=\"wp-image-74819\" srcset=\"https:\/\/diariodigitalmx.com\/wp-content\/uploads\/2022\/04\/Screenshot_20220422_143110_com.whatsapp2-1024x579.jpg 1024w, https:\/\/diariodigitalmx.com\/wp-content\/uploads\/2022\/04\/Screenshot_20220422_143110_com.whatsapp2-300x170.jpg 300w, https:\/\/diariodigitalmx.com\/wp-content\/uploads\/2022\/04\/Screenshot_20220422_143110_com.whatsapp2-768x434.jpg 768w, https:\/\/diariodigitalmx.com\/wp-content\/uploads\/2022\/04\/Screenshot_20220422_143110_com.whatsapp2.jpg 1068w\" sizes=\"(max-width: 1024px) 100vw, 1024px\" \/><\/figure>\n\n\n\n<p>Claudia Tapia, activista y defensora de los derechos humanos dijo que las y desaparecidas son muchos m\u00e1s,&nbsp; no s\u00f3lo la emergencia de un mes, y mostr\u00f3 confianza en que las autoridades sean sensibles y enfrenten el problema a fondo.<br>Ellas recibieron la promesa de Samuel Garc\u00eda&nbsp; de actuar, de apoyar y de sensibilizar a los miembros de las fuerzas p\u00fablicas.&nbsp;<br>Todas coinciden en la necesidad urgente de que en realidad cumpla Samuel Garc\u00eda&nbsp; con su promesa de &#8220;quien se meta con una mujer se mete conmigo &#8220;, pues al menos hasta este viernes y ante la crisis de desapariciones y feminicidios,&nbsp; no ha cumplido.<\/p>\n\n\n\n<figure class=\"wp-block-video\"><video controls src=\"http:\/\/diariodigitalmx.com\/wp-content\/uploads\/2022\/04\/VID-20220422-WA0005-2.mp4\"><\/video><\/figure>\n","protected":false},"excerpt":{"rendered":"<p>Walter Elizondo Monterrey &#8211; &#8220;Que quede bien claro, si se meten con una mujer se meten conmigo y con todo el gobierno del nuevo Nuevo Le\u00f3n &#8220;, advirti\u00f3 Samuel Garc\u00eda, primero como candidato, luego ya como gobernador; ahora las mujeres le exigen cumpla su palabra.Ante la crisis de desapariciones de mujeres que enfrenta el\u00a0 gobierno, [&hellip;]<\/p>\n","protected":false},"author":1,"featured_media":74812,"comment_status":"open","ping_status":"open","sticky":true,"template":"","format":"standard","meta":{"footnotes":""},"categories":[6,3],"tags":[],"_links":{"self":[{"href":"https:\/\/diariodigitalmx.com\/index.php\/wp-json\/wp\/v2\/posts\/74810"}],"collection":[{"href":"https:\/\/diariodigitalmx.com\/index.php\/wp-json\/wp\/v2\/posts"}],"about":[{"href":"https:\/\/diariodigitalmx.com\/index.php\/wp-json\/wp\/v2\/types\/post"}],"author":[{"embeddable":true,"href":"https:\/\/diariodigitalmx.com\/index.php\/wp-json\/wp\/v2\/users\/1"}],"replies":[{"embeddable":true,"href":"https:\/\/diariodigitalmx.com\/index.php\/wp-json\/wp\/v2\/comments?post=74810"}],"version-history":[{"count":6,"href":"https:\/\/diariodigitalmx.com\/index.php\/wp-json\/wp\/v2\/posts\/74810\/revisions"}],"predecessor-version":[{"id":74820,"href":"https:\/\/diariodigitalmx.com\/index.php\/wp-json\/wp\/v2\/posts\/74810\/revisions\/74820"}],"wp:featuredmedia":[{"embeddable":true,"href":"https:\/\/diariodigitalmx.com\/index.php\/wp-json\/wp\/v2\/media\/74812"}],"wp:attachment":[{"href":"https:\/\/diariodigitalmx.com\/index.php\/wp-json\/wp\/v2\/media?parent=74810"}],"wp:term":[{"taxonomy":"category","embeddable":true,"href":"https:\/\/diariodigitalmx.com\/index.php\/wp-json\/wp\/v2\/categories?post=74810"},{"taxonomy":"post_tag","embeddable":true,"href":"https:\/\/diariodigitalmx.com\/index.php\/wp-json\/wp\/v2\/tags?post=74810"}],"curies":[{"name":"wp","href":"https:\/\/api.w.org\/{rel}","templated":true}]}}