{"id":74830,"date":"2022-04-23T18:34:42","date_gmt":"2022-04-23T23:34:42","guid":{"rendered":"http:\/\/diariodigitalmx.com\/?p=74830"},"modified":"2022-04-23T18:37:18","modified_gmt":"2022-04-23T23:37:18","slug":"dan-adios-a-debanhi-exigen-justicia","status":"publish","type":"post","link":"https:\/\/diariodigitalmx.com\/index.php\/2022\/04\/23\/dan-adios-a-debanhi-exigen-justicia\/","title":{"rendered":"Dan adi\u00f3s a Debanhi; exigen justicia"},"content":{"rendered":"\n<p>Walter Elizondo <\/p>\n\n\n\n<p>Monterrey &#8211; Con globos blancos y demandas de justicia, fue despedida en el Ejido Laguna de Labradores en el municipio de Galeana, Debanhi Escobar.&nbsp;<\/p>\n\n\n\n<p>El cortejo f\u00fanebre recorri\u00f3 los poco m\u00e1s de 200 kil\u00f3metros desde Monterrey hasta el municipio sure\u00f1o, donde los habitantes con globos blancos y demandas de justicia, recibieron los restos de la joven que desapareci\u00f3 el 9 de abril en el municipio de Escobedo, y cuyo cuerpo fue encontrado en una cisterna el jueves.&nbsp;<\/p>\n\n\n\n<p>En la iglesia San Isidro de Labradores se ofreci\u00f3 un servicio religioso por un sacerdote de la localidad.&nbsp;<\/p>\n\n\n\n<p>Durante la ceremonia de sepultura, Mario Escobar, padre de Debahni, en un mensaje volvi\u00f3 a insistir en que la Fiscal\u00eda no hizo bien su trabajo en la b\u00fasqueda de su hija.<\/p>\n\n\n\n<figure class=\"wp-block-image size-large\"><img loading=\"lazy\" decoding=\"async\" width=\"1019\" height=\"580\" src=\"http:\/\/diariodigitalmx.com\/wp-content\/uploads\/2022\/04\/IMG-20220423-WA0005.jpg\" alt=\"\" class=\"wp-image-74834\" srcset=\"https:\/\/diariodigitalmx.com\/wp-content\/uploads\/2022\/04\/IMG-20220423-WA0005.jpg 1019w, https:\/\/diariodigitalmx.com\/wp-content\/uploads\/2022\/04\/IMG-20220423-WA0005-300x171.jpg 300w, https:\/\/diariodigitalmx.com\/wp-content\/uploads\/2022\/04\/IMG-20220423-WA0005-768x437.jpg 768w\" sizes=\"(max-width: 1019px) 100vw, 1019px\" \/><\/figure>\n\n\n\n<p>Pidi\u00f3 porque se haga justicia a su hija y al resto de las mujeres desaparecidas.&nbsp;<\/p>\n\n\n\n<p>Tambi\u00e9n agradeci\u00f3 las muestras de apoyo que le dieron organizaciones civiles y cientos de familias.&nbsp;<\/p>\n\n\n\n<p>Grupos de mujeres j\u00f3venes principalmente, portaron ropa y globos de color blanco en el acompa\u00f1amiento a la familia durante el funeral en la iglesia y posteriormente en el pante\u00f3n de la localidad.&nbsp;<\/p>\n\n\n\n<p>Decenas de personas, muchas de ellas que derramaron l\u00e1grimas, dieron el \u00faltimo adi\u00f3s a la joven de 18 a\u00f1os de edad.&nbsp;<\/p>\n\n\n\n<p>El cortejo fue escoltado desde Monterrey por polic\u00edas de Fuerza Civil y al entrar a Galeana, por una patrulla local, en tanto los lugare\u00f1os daban la bienvenida y gritaban justicia.&nbsp;<\/p>\n","protected":false},"excerpt":{"rendered":"<p>Walter Elizondo Monterrey &#8211; Con globos blancos y demandas de justicia, fue despedida en el Ejido Laguna de Labradores en el municipio de Galeana, Debanhi Escobar.&nbsp; El cortejo f\u00fanebre recorri\u00f3 los poco m\u00e1s de 200 kil\u00f3metros desde Monterrey hasta el municipio sure\u00f1o, donde los habitantes con globos blancos y demandas de justicia, recibieron los restos [&hellip;]<\/p>\n","protected":false},"author":1,"featured_media":74832,"comment_status":"open","ping_status":"open","sticky":true,"template":"","format":"standard","meta":{"footnotes":""},"categories":[6,3],"tags":[],"_links":{"self":[{"href":"https:\/\/diariodigitalmx.com\/index.php\/wp-json\/wp\/v2\/posts\/74830"}],"collection":[{"href":"https:\/\/diariodigitalmx.com\/index.php\/wp-json\/wp\/v2\/posts"}],"about":[{"href":"https:\/\/diariodigitalmx.com\/index.php\/wp-json\/wp\/v2\/types\/post"}],"author":[{"embeddable":true,"href":"https:\/\/diariodigitalmx.com\/index.php\/wp-json\/wp\/v2\/users\/1"}],"replies":[{"embeddable":true,"href":"https:\/\/diariodigitalmx.com\/index.php\/wp-json\/wp\/v2\/comments?post=74830"}],"version-history":[{"count":2,"href":"https:\/\/diariodigitalmx.com\/index.php\/wp-json\/wp\/v2\/posts\/74830\/revisions"}],"predecessor-version":[{"id":74835,"href":"https:\/\/diariodigitalmx.com\/index.php\/wp-json\/wp\/v2\/posts\/74830\/revisions\/74835"}],"wp:featuredmedia":[{"embeddable":true,"href":"https:\/\/diariodigitalmx.com\/index.php\/wp-json\/wp\/v2\/media\/74832"}],"wp:attachment":[{"href":"https:\/\/diariodigitalmx.com\/index.php\/wp-json\/wp\/v2\/media?parent=74830"}],"wp:term":[{"taxonomy":"category","embeddable":true,"href":"https:\/\/diariodigitalmx.com\/index.php\/wp-json\/wp\/v2\/categories?post=74830"},{"taxonomy":"post_tag","embeddable":true,"href":"https:\/\/diariodigitalmx.com\/index.php\/wp-json\/wp\/v2\/tags?post=74830"}],"curies":[{"name":"wp","href":"https:\/\/api.w.org\/{rel}","templated":true}]}}