{"id":74876,"date":"2022-04-24T19:46:19","date_gmt":"2022-04-25T00:46:19","guid":{"rendered":"http:\/\/diariodigitalmx.com\/?p=74876"},"modified":"2022-04-24T19:46:50","modified_gmt":"2022-04-25T00:46:50","slug":"es-feminicidio-acepta-fiscalia-ahora-investiga-caso-debanhi","status":"publish","type":"post","link":"https:\/\/diariodigitalmx.com\/index.php\/2022\/04\/24\/es-feminicidio-acepta-fiscalia-ahora-investiga-caso-debanhi\/","title":{"rendered":"Es feminicidio acepta Fiscal\u00eda; ahora investiga caso Debanhi"},"content":{"rendered":"\n<p>Monterrey &#8211; La Fiscal\u00eda Especializada en Feminicidios y Delitos contra las Mujeres abri\u00f3 una investigaci\u00f3n por feminicidio ante la muerte de Debanhi Escobar Bazald\u00faa, de 18 a\u00f1os.<\/p>\n\n\n\n<p>La medida, inform\u00f3 la Fiscal\u00eda de Justicia de Nuevo Le\u00f3n, obedece al fundamento de que en Nuevo Le\u00f3n toda muerte de mujer, por protocolo se investiga como feminicidio.<\/p>\n\n\n\n<p>&#8220;Se hace de conocimiento que con fecha 22 de Abril del 2022 esta Fiscal\u00eda especializada, en el marco de sus atribuciones legales, ha ejercido la atracci\u00f3n de la correspondiente carpeta de Investigaci\u00f3n&#8221;, a\u00f1ade.<\/p>\n\n\n\n<p>Lo anterior, explica, se debe tambi\u00e9n en alcance a la investigaci\u00f3n iniciada por el Agente del Ministerio P\u00fablico con motivo de los hechos denunciados con car\u00e1cter de desaparici\u00f3n de la C. Debanhi Susana.<\/p>\n\n\n\n<p>Han continuado exhaustivos actos interdisciplinarios de investigaci\u00f3n criminal\u00edstica, cient\u00edfica, pericial, operativa y de campo, observando la aplicaci\u00f3n y cumplimiento de modelos de actuaci\u00f3n con perspectiva de g\u00e9nero, puntualiza la informaci\u00f3n de la Fiscal\u00eda.<\/p>\n\n\n\n<p>En virtud de la etapa de documentaci\u00f3n actual y por el estado de integraci\u00f3n que guarda la carpeta de Investigaci\u00f3n citada, la Fiscal\u00eda evaluar\u00e1 la actualizaci\u00f3n informativa siguiente, con apego a la normativa dada en materia de protecci\u00f3n y resguardo de datos que ordena el C\u00f3digo Nacional de Procedimientos Penales, dijo finalmente.<\/p>\n","protected":false},"excerpt":{"rendered":"<p>Monterrey &#8211; La Fiscal\u00eda Especializada en Feminicidios y Delitos contra las Mujeres abri\u00f3 una investigaci\u00f3n por feminicidio ante la muerte de Debanhi Escobar Bazald\u00faa, de 18 a\u00f1os. La medida, inform\u00f3 la Fiscal\u00eda de Justicia de Nuevo Le\u00f3n, obedece al fundamento de que en Nuevo Le\u00f3n toda muerte de mujer, por protocolo se investiga como feminicidio. [&hellip;]<\/p>\n","protected":false},"author":1,"featured_media":74875,"comment_status":"open","ping_status":"open","sticky":true,"template":"","format":"standard","meta":{"footnotes":""},"categories":[6,3],"tags":[],"_links":{"self":[{"href":"https:\/\/diariodigitalmx.com\/index.php\/wp-json\/wp\/v2\/posts\/74876"}],"collection":[{"href":"https:\/\/diariodigitalmx.com\/index.php\/wp-json\/wp\/v2\/posts"}],"about":[{"href":"https:\/\/diariodigitalmx.com\/index.php\/wp-json\/wp\/v2\/types\/post"}],"author":[{"embeddable":true,"href":"https:\/\/diariodigitalmx.com\/index.php\/wp-json\/wp\/v2\/users\/1"}],"replies":[{"embeddable":true,"href":"https:\/\/diariodigitalmx.com\/index.php\/wp-json\/wp\/v2\/comments?post=74876"}],"version-history":[{"count":1,"href":"https:\/\/diariodigitalmx.com\/index.php\/wp-json\/wp\/v2\/posts\/74876\/revisions"}],"predecessor-version":[{"id":74881,"href":"https:\/\/diariodigitalmx.com\/index.php\/wp-json\/wp\/v2\/posts\/74876\/revisions\/74881"}],"wp:featuredmedia":[{"embeddable":true,"href":"https:\/\/diariodigitalmx.com\/index.php\/wp-json\/wp\/v2\/media\/74875"}],"wp:attachment":[{"href":"https:\/\/diariodigitalmx.com\/index.php\/wp-json\/wp\/v2\/media?parent=74876"}],"wp:term":[{"taxonomy":"category","embeddable":true,"href":"https:\/\/diariodigitalmx.com\/index.php\/wp-json\/wp\/v2\/categories?post=74876"},{"taxonomy":"post_tag","embeddable":true,"href":"https:\/\/diariodigitalmx.com\/index.php\/wp-json\/wp\/v2\/tags?post=74876"}],"curies":[{"name":"wp","href":"https:\/\/api.w.org\/{rel}","templated":true}]}}