{"id":75012,"date":"2022-04-26T15:16:24","date_gmt":"2022-04-26T20:16:24","guid":{"rendered":"http:\/\/diariodigitalmx.com\/?p=75012"},"modified":"2022-04-26T15:17:09","modified_gmt":"2022-04-26T20:17:09","slug":"busca-waldo-fernandez-transparentar-danos-por-incendios-forestales","status":"publish","type":"post","link":"https:\/\/diariodigitalmx.com\/index.php\/2022\/04\/26\/busca-waldo-fernandez-transparentar-danos-por-incendios-forestales\/","title":{"rendered":"Busca Waldo Fern\u00e1ndez transparentar da\u00f1os por incendios forestales"},"content":{"rendered":"\n<p>*Tambi\u00e9n impulsar la prevenci\u00f3n y restauraci\u00f3n <\/p>\n\n\n\n<p>Monterrey- Con el objetivo de conocer el alcance y da\u00f1os ocasionados por los incendios forestales as\u00ed como impulsar la prevenci\u00f3n y la reforestaci\u00f3n de \u00e1reas da\u00f1adas en el estado de Nuevo Le\u00f3n en los \u00faltimos dos a\u00f1os, el diputado local por Morena, Waldo Fern\u00e1ndez, present\u00f3 un Punto de Acuerdo en el Congreso de Nuevo Le\u00f3n que fue aprobado por unanimidad con adecuaciones la diputada Brenda S\u00e1nchez y el diputado Eduardo Leal.<br>El Punto de Acuerdo busca que la Secretar\u00eda de Medio Ambiente de Nuevo Le\u00f3n informe qu\u00e9 acciones est\u00e1n contemplando para la restauraci\u00f3n, qu\u00e9 mecanismos llevar\u00e1n a cabo para la prevenci\u00f3n del fuego asociado a or\u00edgenes humanos; que la Protecci\u00f3n Civil del Estado de Nuevo Le\u00f3n informe las causas que originaron el incendio forestal en Santiago y Rayones; as\u00ed como que el Titular del Ejecutivo del Estado de Nuevo Le\u00f3n realice las denuncias necesarias para dicha investigaci\u00f3n y encabece las acciones necesarias para establecer en conjunto pol\u00edticas p\u00fablicas actualizadas sobre el adecuado manejo del fuego en la entidad.<br>Ante el da\u00f1o ocasionado por los incendios el diputado Waldo Fern\u00e1ndez dijo que \u201ces importante conocer el plan de contingencia, conocer c\u00f3mo se va a restaurar el ecosistema de esta zona, pero sobre todo, el impacto ambiental que esto pudiera tener en una conjugaci\u00f3n de contextos como el de la sequ\u00eda que actualmente se est\u00e1 viviendo en el Estado\u201d.<\/p>\n","protected":false},"excerpt":{"rendered":"<p>*Tambi\u00e9n impulsar la prevenci\u00f3n y restauraci\u00f3n Monterrey- Con el objetivo de conocer el alcance y da\u00f1os ocasionados por los incendios forestales as\u00ed como impulsar la prevenci\u00f3n y la reforestaci\u00f3n de \u00e1reas da\u00f1adas en el estado de Nuevo Le\u00f3n en los \u00faltimos dos a\u00f1os, el diputado local por Morena, Waldo Fern\u00e1ndez, present\u00f3 un Punto de Acuerdo [&hellip;]<\/p>\n","protected":false},"author":1,"featured_media":75014,"comment_status":"open","ping_status":"open","sticky":false,"template":"","format":"standard","meta":{"footnotes":""},"categories":[6,5],"tags":[],"_links":{"self":[{"href":"https:\/\/diariodigitalmx.com\/index.php\/wp-json\/wp\/v2\/posts\/75012"}],"collection":[{"href":"https:\/\/diariodigitalmx.com\/index.php\/wp-json\/wp\/v2\/posts"}],"about":[{"href":"https:\/\/diariodigitalmx.com\/index.php\/wp-json\/wp\/v2\/types\/post"}],"author":[{"embeddable":true,"href":"https:\/\/diariodigitalmx.com\/index.php\/wp-json\/wp\/v2\/users\/1"}],"replies":[{"embeddable":true,"href":"https:\/\/diariodigitalmx.com\/index.php\/wp-json\/wp\/v2\/comments?post=75012"}],"version-history":[{"count":1,"href":"https:\/\/diariodigitalmx.com\/index.php\/wp-json\/wp\/v2\/posts\/75012\/revisions"}],"predecessor-version":[{"id":75013,"href":"https:\/\/diariodigitalmx.com\/index.php\/wp-json\/wp\/v2\/posts\/75012\/revisions\/75013"}],"wp:featuredmedia":[{"embeddable":true,"href":"https:\/\/diariodigitalmx.com\/index.php\/wp-json\/wp\/v2\/media\/75014"}],"wp:attachment":[{"href":"https:\/\/diariodigitalmx.com\/index.php\/wp-json\/wp\/v2\/media?parent=75012"}],"wp:term":[{"taxonomy":"category","embeddable":true,"href":"https:\/\/diariodigitalmx.com\/index.php\/wp-json\/wp\/v2\/categories?post=75012"},{"taxonomy":"post_tag","embeddable":true,"href":"https:\/\/diariodigitalmx.com\/index.php\/wp-json\/wp\/v2\/tags?post=75012"}],"curies":[{"name":"wp","href":"https:\/\/api.w.org\/{rel}","templated":true}]}}