{"id":75117,"date":"2022-04-28T08:07:38","date_gmt":"2022-04-28T13:07:38","guid":{"rendered":"http:\/\/diariodigitalmx.com\/?p=75117"},"modified":"2022-04-28T08:08:06","modified_gmt":"2022-04-28T13:08:06","slug":"abbott-pide-donaciones-para-enviar-migrantes-a-washington","status":"publish","type":"post","link":"https:\/\/diariodigitalmx.com\/index.php\/2022\/04\/28\/abbott-pide-donaciones-para-enviar-migrantes-a-washington\/","title":{"rendered":"Abbott pide \u201cdonaciones\u201d para enviar migrantes a Washington"},"content":{"rendered":"\n<p><\/p>\n\n\n\n<p>Por Rogelio Romero<\/p>\n\n\n\n<p>Austin, Texas- El gobernador de Texas, Greg Abbott, est\u00e1 pidiendo al p\u00fablico que \u201cdone\u201d dinero para apoyar la campa\u00f1a estatal de enviar en autobuses a Washington, a migrantes indocumentados que libera la Patrulla Fronteriza en la frontera de su entidad con M\u00e9xico.<\/p>\n\n\n\n<p>La oficina del gobernador texano se\u00f1ala que los donativos que aporte la ciudadan\u00eda, ser\u00e1n utilizados para fletar los autobuses que se requieran para trasladar voluntariamente a los&nbsp; migrantes hacia la capital del pa\u00eds, y que las aportaciones monetarias se pueden hacer v\u00eda internet o por correo postal.<\/p>\n\n\n\n<p>Adem\u00e1s se inform\u00f3 que el dinero donado por el p\u00fablico que no sea utilizado en esta campa\u00f1a estatal, ser\u00e1 canalizado hacia la construcci\u00f3n del \u201cmuro fronterizo texano\u201d que anunci\u00f3 el gobernador hace varios meses.<\/p>\n\n\n\n<p>La Casa Blanca en voz de su secretaria de prensa, Jen Psaki, ha llamado a la campa\u00f1a de Abbott como&nbsp; ardid publicitario, y que no aporta nada al tema migratorio.<\/p>\n\n\n\n<p>Abbott establece en su llamado al p\u00fablico que la idea de su gobierno es enviar a Washington a los migrantes indocumentados que acepten viajar, esto porque as\u00ed \u201cel gobierno federal tendr\u00e1 opciones m\u00e1s claras de d\u00f3nde ubicarlos\u201d,<\/p>\n\n\n\n<p>Aun as\u00ed el gobernante texano establece en su referencia que son \u201chordas\u201d de migrantes las que est\u00e1 liberando la administraci\u00f3n Biden en la frontera sur de Texas, esta&nbsp; forma despectiva de referirse a ellos,&nbsp; le ha tra\u00eddo a Abbott fuertes cr\u00edticas por parte de organizaciones defensoras de derechos humanos, l\u00edderes del Partido Dem\u00f3crata y la administraci\u00f3n Biden.<\/p>\n","protected":false},"excerpt":{"rendered":"<p>Por Rogelio Romero Austin, Texas- El gobernador de Texas, Greg Abbott, est\u00e1 pidiendo al p\u00fablico que \u201cdone\u201d dinero para apoyar la campa\u00f1a estatal de enviar en autobuses a Washington, a migrantes indocumentados que libera la Patrulla Fronteriza en la frontera de su entidad con M\u00e9xico. La oficina del gobernador texano se\u00f1ala que los donativos que [&hellip;]<\/p>\n","protected":false},"author":1,"featured_media":75119,"comment_status":"open","ping_status":"open","sticky":true,"template":"","format":"standard","meta":{"footnotes":""},"categories":[14,4],"tags":[],"_links":{"self":[{"href":"https:\/\/diariodigitalmx.com\/index.php\/wp-json\/wp\/v2\/posts\/75117"}],"collection":[{"href":"https:\/\/diariodigitalmx.com\/index.php\/wp-json\/wp\/v2\/posts"}],"about":[{"href":"https:\/\/diariodigitalmx.com\/index.php\/wp-json\/wp\/v2\/types\/post"}],"author":[{"embeddable":true,"href":"https:\/\/diariodigitalmx.com\/index.php\/wp-json\/wp\/v2\/users\/1"}],"replies":[{"embeddable":true,"href":"https:\/\/diariodigitalmx.com\/index.php\/wp-json\/wp\/v2\/comments?post=75117"}],"version-history":[{"count":1,"href":"https:\/\/diariodigitalmx.com\/index.php\/wp-json\/wp\/v2\/posts\/75117\/revisions"}],"predecessor-version":[{"id":75118,"href":"https:\/\/diariodigitalmx.com\/index.php\/wp-json\/wp\/v2\/posts\/75117\/revisions\/75118"}],"wp:featuredmedia":[{"embeddable":true,"href":"https:\/\/diariodigitalmx.com\/index.php\/wp-json\/wp\/v2\/media\/75119"}],"wp:attachment":[{"href":"https:\/\/diariodigitalmx.com\/index.php\/wp-json\/wp\/v2\/media?parent=75117"}],"wp:term":[{"taxonomy":"category","embeddable":true,"href":"https:\/\/diariodigitalmx.com\/index.php\/wp-json\/wp\/v2\/categories?post=75117"},{"taxonomy":"post_tag","embeddable":true,"href":"https:\/\/diariodigitalmx.com\/index.php\/wp-json\/wp\/v2\/tags?post=75117"}],"curies":[{"name":"wp","href":"https:\/\/api.w.org\/{rel}","templated":true}]}}