{"id":75169,"date":"2022-04-28T19:43:57","date_gmt":"2022-04-29T00:43:57","guid":{"rendered":"http:\/\/diariodigitalmx.com\/?p=75169"},"modified":"2022-04-28T19:44:32","modified_gmt":"2022-04-29T00:44:32","slug":"dice-papa-de-debanhi-que-ha-recibido-amenazas-de-muerte-por-buscar-la-verdad","status":"publish","type":"post","link":"https:\/\/diariodigitalmx.com\/index.php\/2022\/04\/28\/dice-papa-de-debanhi-que-ha-recibido-amenazas-de-muerte-por-buscar-la-verdad\/","title":{"rendered":"Dice pap\u00e1 de Debanhi que ha recibido amenazas de muerte por buscar la verdad"},"content":{"rendered":"\n<p>Walter Elizondo <\/p>\n\n\n\n<p>Monterrey &#8211; El padre de Debanhi denunci\u00f3 que ha recibido amenazas de muerte por insistir en la verdad sobre la muerte de su hija.<\/p>\n\n\n\n<p>Mario Escobar sostiene que lo han amenazado de muerte, pero dice estar dispuesto a llegar a la verdad a\u00fan as\u00ed tenga que ir a la tumba donde est\u00e1 su hija.<\/p>\n\n\n\n<p>Se\u00f1ala que no sabe qui\u00e9n le amenaza, tampoco detalla c\u00f3mo es la amedrentaci\u00f3n, pero atribuye las amenazas a que quiere encontrar la verdad acerca de la muerte de Debanhi.<\/p>\n\n\n\n<p>Escobar puntualiza que no tiene miedo.<br>&#8220;No tengo miedo a nada, no me importa que me sigan amenazando de muerte. \u00bfQui\u00e9n?, no s\u00e9, pero no tengo miedo&#8221;.<\/p>\n\n\n\n<p>Y en la b\u00fasqueda de la verdad est\u00e1 dispuesto a ir a la misma tumba donde se encuentra su hija en un pante\u00f3n del ejido Laguna de Labradores, en el municipio de Galeana, al sur de Nuevo Le\u00f3n, adem\u00e1s de que adelante que hay tres lugares ah\u00ed.<\/p>\n\n\n\n<p>&#8220;Gracias a Dios en la b\u00f3veda que le hice a mi hija hay tres lugares y si necesito llegar a ese lugar para encontrar la verdad voy a llegar, no me interesa&#8221;.<\/p>\n\n\n\n<p>&#8220;El caj\u00f3n ya est\u00e1 ah\u00ed, ya tengo los tres lugares para ir a la Laguna en dado caso que as\u00ed sea, que as\u00ed lo decida Dios&#8221;, sostiene.<\/p>\n\n\n\n<p>Insiste: &#8220;No tengo miedo, no tengo miedo, tengo muchas llamadas&#8221;.<\/p>\n\n\n\n<p>El padre de Debanhi acudi\u00f3 a una reuni\u00f3n en la Fiscal\u00eda Especializada en Feminicidios y Delitos cometidos contra las mujeres, seg\u00fan dijo para recoger unos documentos.<\/p>\n\n\n\n<p>Escobar podr\u00eda pronto informar sobre los resultados de una autopsia que la familia orden\u00f3 por medios de forenses particulares, para cotejar con los oficiales de la Fiscal\u00eda General de Justicia.<\/p>\n\n\n\n<p>Las autoridades mantienen varias l\u00edneas de investigaci\u00f3n sobre la muerte de Debanhi Escobar, y no descartan ninguna relacionada con asesinato, crimen organizado o accidente entre otras.<\/p>\n","protected":false},"excerpt":{"rendered":"<p>Walter Elizondo Monterrey &#8211; El padre de Debanhi denunci\u00f3 que ha recibido amenazas de muerte por insistir en la verdad sobre la muerte de su hija. Mario Escobar sostiene que lo han amenazado de muerte, pero dice estar dispuesto a llegar a la verdad a\u00fan as\u00ed tenga que ir a la tumba donde est\u00e1 su [&hellip;]<\/p>\n","protected":false},"author":1,"featured_media":75171,"comment_status":"open","ping_status":"open","sticky":true,"template":"","format":"standard","meta":{"footnotes":""},"categories":[14,6],"tags":[],"_links":{"self":[{"href":"https:\/\/diariodigitalmx.com\/index.php\/wp-json\/wp\/v2\/posts\/75169"}],"collection":[{"href":"https:\/\/diariodigitalmx.com\/index.php\/wp-json\/wp\/v2\/posts"}],"about":[{"href":"https:\/\/diariodigitalmx.com\/index.php\/wp-json\/wp\/v2\/types\/post"}],"author":[{"embeddable":true,"href":"https:\/\/diariodigitalmx.com\/index.php\/wp-json\/wp\/v2\/users\/1"}],"replies":[{"embeddable":true,"href":"https:\/\/diariodigitalmx.com\/index.php\/wp-json\/wp\/v2\/comments?post=75169"}],"version-history":[{"count":1,"href":"https:\/\/diariodigitalmx.com\/index.php\/wp-json\/wp\/v2\/posts\/75169\/revisions"}],"predecessor-version":[{"id":75170,"href":"https:\/\/diariodigitalmx.com\/index.php\/wp-json\/wp\/v2\/posts\/75169\/revisions\/75170"}],"wp:featuredmedia":[{"embeddable":true,"href":"https:\/\/diariodigitalmx.com\/index.php\/wp-json\/wp\/v2\/media\/75171"}],"wp:attachment":[{"href":"https:\/\/diariodigitalmx.com\/index.php\/wp-json\/wp\/v2\/media?parent=75169"}],"wp:term":[{"taxonomy":"category","embeddable":true,"href":"https:\/\/diariodigitalmx.com\/index.php\/wp-json\/wp\/v2\/categories?post=75169"},{"taxonomy":"post_tag","embeddable":true,"href":"https:\/\/diariodigitalmx.com\/index.php\/wp-json\/wp\/v2\/tags?post=75169"}],"curies":[{"name":"wp","href":"https:\/\/api.w.org\/{rel}","templated":true}]}}