{"id":75182,"date":"2022-04-28T23:41:38","date_gmt":"2022-04-29T04:41:38","guid":{"rendered":"http:\/\/diariodigitalmx.com\/?p=75182"},"modified":"2022-04-28T23:42:42","modified_gmt":"2022-04-29T04:42:42","slug":"no-me-van-a-doblegar-el-bronco-presenta-esposa-inconformidad-ante-la-onu","status":"publish","type":"post","link":"https:\/\/diariodigitalmx.com\/index.php\/2022\/04\/28\/no-me-van-a-doblegar-el-bronco-presenta-esposa-inconformidad-ante-la-onu\/","title":{"rendered":"No me van a doblegar: El Bronco; presenta esposa inconformidad ante la ONU"},"content":{"rendered":"\n<p>Walter Elizondo <\/p>\n\n\n\n<p>Monterrey &#8211; Una inconformidad ante la oficina del alto comisionado de Derechos Humanos de la ONU en M\u00e9xico por la actuaci\u00f3n y abuso de las autoridades en el Estado en contra de su esposo, present\u00f3 Adalina D\u00e1valos, esposa del ex gobernador Jaime Rodr\u00edguez Calder\u00f3n.<\/p>\n\n\n\n<p>El ex gobernante afirma que no lo doblegar\u00e1n.<\/p>\n\n\n\n<p>El anuncio lo hizo a trav\u00e9s de las redes sociales del Bronco, donde el ex gobernador encarcelado desde el pasado 15 de marzo se\u00f1ala que la inconformidad se debe a la ilegalidad e injustificada prisi\u00f3n preventiva en que los tienen las autoridades.<\/p>\n\n\n\n<p>&#8220;Hoy, mi esposa Ada present\u00f3 una inconformidad ante la oficina del alto comisionado de Derechos Humanos de la ONU en M\u00e9xico&#8221;.<\/p>\n\n\n\n<p>&#8221; Como respuesta a la actuaci\u00f3n y abuso de las autoridades en el Estado, que hoy me mantienen en una prisi\u00f3n preventiva totalmente injustificada, y rayando en la ilegalidad&#8221;.<\/p>\n\n\n\n<p>&#8220;Cuando fui gobernador dije que si la justicia un d\u00eda me llamaba, yo estar\u00eda en mi casa y acudir\u00eda al llamado, porque el que nada debe, nada teme. Pero en este momento la justicia no est\u00e1 haciendo su trabajo, y est\u00e1 al servicio de una sola persona&#8221;, a\u00f1ade.<\/p>\n\n\n\n<p>&#8220;No ha habido juez, ni estatal, ni federal que tome mi caso, y aunque ninguna de las acusaciones amerita prisi\u00f3n preventiva, yo sigo aqu\u00ed.&#8221;No me van a doblegar por m\u00e1s largas que le den a mi caso. Ver a mi esposa y a mi familia luchando para que se respeten mis derechos m\u00e1s b\u00e1sicos, me da la fuerza para seguir de pie, en espera de que se cumpla la ley como debe ser, y no como algunos quieren que sea&#8221;.<\/p>\n\n\n\n<p>Finalmente agradece el apoyo que le da la gente.<\/p>\n","protected":false},"excerpt":{"rendered":"<p>Walter Elizondo Monterrey &#8211; Una inconformidad ante la oficina del alto comisionado de Derechos Humanos de la ONU en M\u00e9xico por la actuaci\u00f3n y abuso de las autoridades en el Estado en contra de su esposo, present\u00f3 Adalina D\u00e1valos, esposa del ex gobernador Jaime Rodr\u00edguez Calder\u00f3n. El ex gobernante afirma que no lo doblegar\u00e1n. El [&hellip;]<\/p>\n","protected":false},"author":1,"featured_media":75185,"comment_status":"open","ping_status":"open","sticky":true,"template":"","format":"standard","meta":{"footnotes":""},"categories":[6,3],"tags":[],"_links":{"self":[{"href":"https:\/\/diariodigitalmx.com\/index.php\/wp-json\/wp\/v2\/posts\/75182"}],"collection":[{"href":"https:\/\/diariodigitalmx.com\/index.php\/wp-json\/wp\/v2\/posts"}],"about":[{"href":"https:\/\/diariodigitalmx.com\/index.php\/wp-json\/wp\/v2\/types\/post"}],"author":[{"embeddable":true,"href":"https:\/\/diariodigitalmx.com\/index.php\/wp-json\/wp\/v2\/users\/1"}],"replies":[{"embeddable":true,"href":"https:\/\/diariodigitalmx.com\/index.php\/wp-json\/wp\/v2\/comments?post=75182"}],"version-history":[{"count":1,"href":"https:\/\/diariodigitalmx.com\/index.php\/wp-json\/wp\/v2\/posts\/75182\/revisions"}],"predecessor-version":[{"id":75183,"href":"https:\/\/diariodigitalmx.com\/index.php\/wp-json\/wp\/v2\/posts\/75182\/revisions\/75183"}],"wp:featuredmedia":[{"embeddable":true,"href":"https:\/\/diariodigitalmx.com\/index.php\/wp-json\/wp\/v2\/media\/75185"}],"wp:attachment":[{"href":"https:\/\/diariodigitalmx.com\/index.php\/wp-json\/wp\/v2\/media?parent=75182"}],"wp:term":[{"taxonomy":"category","embeddable":true,"href":"https:\/\/diariodigitalmx.com\/index.php\/wp-json\/wp\/v2\/categories?post=75182"},{"taxonomy":"post_tag","embeddable":true,"href":"https:\/\/diariodigitalmx.com\/index.php\/wp-json\/wp\/v2\/tags?post=75182"}],"curies":[{"name":"wp","href":"https:\/\/api.w.org\/{rel}","templated":true}]}}