{"id":75297,"date":"2022-05-01T00:01:38","date_gmt":"2022-05-01T05:01:38","guid":{"rendered":"http:\/\/diariodigitalmx.com\/?p=75297"},"modified":"2022-05-01T00:02:25","modified_gmt":"2022-05-01T05:02:25","slug":"detienen-al-senoron-lider-del-cjng-en-morelos","status":"publish","type":"post","link":"https:\/\/diariodigitalmx.com\/index.php\/2022\/05\/01\/detienen-al-senoron-lider-del-cjng-en-morelos\/","title":{"rendered":"Detienen al Se\u00f1oron, l\u00edder del CJNG en Morelos"},"content":{"rendered":"\n<p>En un operativo realizado por parte de elementos de infanter\u00eda de la Marina Armada en Mazatl\u00e1n, Sinaloa, se logr\u00f3 la detenci\u00f3n de Francisco Javier N, alias El Se\u00f1or\u00f3n, El Frank o El XL, l\u00edder del grupo delictivo Los Colombianos, c\u00e9lula vinculada al C\u00e1rtel Jalisco Nueva Generaci\u00f3n (CJNG) y que est\u00e1 ubicado como uno de los principales generadores de violencia en el estado de Morelos.<\/p>\n\n\n\n<p>Incluso, la administraci\u00f3n encabezada por Cuauht\u00e9moc Blanco Bravo ofrec\u00eda una recompensa de 500 mil pesos a quien ofreciera datos concretos que permitieran su captura, e incluso se despleg\u00f3 una campa\u00f1a a trav\u00e9s de espectaculares en la que se mostraba una fotograf\u00eda de El Se\u00f1or\u00f3n.<\/p>\n\n\n\n<p>La aprehensi\u00f3n se dio el 29 de abril a cargo de la Marina, la Polic\u00eda Ministerial con elementos de la Agencia de Investigaci\u00f3n Criminal, e incluso la Agencia de Seguridad de Estados Unidos habr\u00eda colaborado con informaci\u00f3n que permiti\u00f3 finalmente su detenci\u00f3n en Sinaloa.<\/p>\n\n\n\n<p>El operativo se realiz\u00f3 en coordinaci\u00f3n con la Fiscal\u00eda General de la Rep\u00fablica en las inmediaciones del residencial Pac\u00edfica, donde se despleg\u00f3 un operativo que deriv\u00f3 en la detenci\u00f3n del l\u00edder criminal.<\/p>\n\n\n\n<p>De acuerdo con reportes, no se efectu\u00f3 un solo disparo en este operativo. El Se\u00f1or\u00f3n fue trasladado, v\u00eda a\u00e9rea, al Centro de Justicia Penal Federal de Guanajuato y ahora tendr\u00e1 que enfrentar un proceso penal por diversos delitos: delincuencia organizada, portaci\u00f3n de armas exclusivas de las Fuerzas Armadas, da\u00f1os con la salud y homicidio.<\/p>\n\n\n\n<p>En Morelos, Francisco Javier N est\u00e1 se\u00f1alado de ser uno de los principales generadores de la violencia por la que atraviesa la entidad hace ya varios meses.<\/p>\n\n\n\n<p>Las autoridades tienen conocimiento que El Se\u00f1or\u00f3n cuenta con diversos laboratorios para la elaboraci\u00f3n de droga sint\u00e9tica que es presuntamente distribuida en los municipios de Cuernavaca, Jiutepec, Puente de Ixtla, Amacuzac, Emiliano Zapata, Cuautla y Cocoyoc.<\/p>\n\n\n\n<p>(Nota de El Sol de Cuernavaca)&nbsp;<\/p>\n","protected":false},"excerpt":{"rendered":"<p>En un operativo realizado por parte de elementos de infanter\u00eda de la Marina Armada en Mazatl\u00e1n, Sinaloa, se logr\u00f3 la detenci\u00f3n de Francisco Javier N, alias El Se\u00f1or\u00f3n, El Frank o El XL, l\u00edder del grupo delictivo Los Colombianos, c\u00e9lula vinculada al C\u00e1rtel Jalisco Nueva Generaci\u00f3n (CJNG) y que est\u00e1 ubicado como uno de los [&hellip;]<\/p>\n","protected":false},"author":1,"featured_media":75299,"comment_status":"open","ping_status":"open","sticky":true,"template":"","format":"standard","meta":{"footnotes":""},"categories":[2,3],"tags":[],"_links":{"self":[{"href":"https:\/\/diariodigitalmx.com\/index.php\/wp-json\/wp\/v2\/posts\/75297"}],"collection":[{"href":"https:\/\/diariodigitalmx.com\/index.php\/wp-json\/wp\/v2\/posts"}],"about":[{"href":"https:\/\/diariodigitalmx.com\/index.php\/wp-json\/wp\/v2\/types\/post"}],"author":[{"embeddable":true,"href":"https:\/\/diariodigitalmx.com\/index.php\/wp-json\/wp\/v2\/users\/1"}],"replies":[{"embeddable":true,"href":"https:\/\/diariodigitalmx.com\/index.php\/wp-json\/wp\/v2\/comments?post=75297"}],"version-history":[{"count":1,"href":"https:\/\/diariodigitalmx.com\/index.php\/wp-json\/wp\/v2\/posts\/75297\/revisions"}],"predecessor-version":[{"id":75298,"href":"https:\/\/diariodigitalmx.com\/index.php\/wp-json\/wp\/v2\/posts\/75297\/revisions\/75298"}],"wp:featuredmedia":[{"embeddable":true,"href":"https:\/\/diariodigitalmx.com\/index.php\/wp-json\/wp\/v2\/media\/75299"}],"wp:attachment":[{"href":"https:\/\/diariodigitalmx.com\/index.php\/wp-json\/wp\/v2\/media?parent=75297"}],"wp:term":[{"taxonomy":"category","embeddable":true,"href":"https:\/\/diariodigitalmx.com\/index.php\/wp-json\/wp\/v2\/categories?post=75297"},{"taxonomy":"post_tag","embeddable":true,"href":"https:\/\/diariodigitalmx.com\/index.php\/wp-json\/wp\/v2\/tags?post=75297"}],"curies":[{"name":"wp","href":"https:\/\/api.w.org\/{rel}","templated":true}]}}