{"id":75301,"date":"2022-05-01T12:08:18","date_gmt":"2022-05-01T17:08:18","guid":{"rendered":"http:\/\/diariodigitalmx.com\/?p=75301"},"modified":"2022-05-01T12:12:16","modified_gmt":"2022-05-01T17:12:16","slug":"mexico-es-un-cementerio-una-fosa-comun-que-crece-y-crece-cada-dia-mas","status":"publish","type":"post","link":"https:\/\/diariodigitalmx.com\/index.php\/2022\/05\/01\/mexico-es-un-cementerio-una-fosa-comun-que-crece-y-crece-cada-dia-mas\/","title":{"rendered":"M\u00e9xico es un cementerio; una fosa com\u00fan que crece y crece cada d\u00eda m\u00e1s"},"content":{"rendered":"\n<p>*Marcos P\u00e9rez Esquer en Diario Digital<\/p>\n\n\n\n<p>Por Ra\u00fal Monter<br>Como consecuencia del aumento de desaparecidas, la opini\u00f3n p\u00fablica y redes sociales se han inundado con cr\u00edticas severas, especialmente contra las autoridades a nivel estatal, municipal y por supuesto federal.<br>Ante esta situaci\u00f3n decid\u00ed platicar con Marcos P\u00e9rez Esquer, quien es abogado y contador p\u00fablico, ha sido dos veces Diputado Federal por el PAN, en las legislaturas LVIII y LXI. Es profesor de Derecho Parlamentario en la Universidad La Salle, Ciudad de M\u00e9xico, columnista en varios peri\u00f3dicos nacionales, y consultor jur\u00eddico.<br>RMO, gracias Marcos por compartir tu tiempo y conocimiento con los lectores de diariodigitalmx.com <br>Me gustar\u00eda conocer tu opini\u00f3n sobre la escalada de violencia que hay en nuestro pa\u00eds, ya que cada d\u00eda, hay delitos, dolosos, matanzas, secuestros, desaparecidos, feminicidios, etc.<br>MPE, al contrario, Ra\u00fal, es un gusto platicar contigo y tus lectores.<br>Es obvio que, por su patente dramatismo, la opini\u00f3n p\u00fablica suele volcar su atenci\u00f3n sobre la violencia generalizada que provoca miles de homicidios dolosos y feminicidios a lo largo y ancho de nuestra patria, pero no pone suficiente atenci\u00f3n al problema de las desapariciones forzadas, ni al de la crisis forense, que tambi\u00e9n la asolan. Lo escandaloso de los miles de muertes que se suceden por doquier en toda la naci\u00f3n, opacan el otro fen\u00f3meno aterrador de la violencia y de la inseguridad, que es el de los miles de personas que simple y sencillamente no vuelven a ser localizadas, as\u00ed como el de tantos miles de cuerpos y restos humanos que son localizados, pero no identificados.<br>RMO, por lo delicado del tema, podr\u00edas abundar m\u00e1s?<br>MPE. Es verdad que el fen\u00f3meno de las desapariciones es num\u00e9ricamente m\u00e1s peque\u00f1o que el de los homicidios dolosos, ya que, de acuerdo con los registros oficiales, las personas desaparecidas y no localizadas, desde 1964, alcanzan la cifra de 100 mil, mientras que la cifra de 100 mil asesinatos se alcanz\u00f3 en un tiempo tan corto como lo que va de este sexenio; pero tambi\u00e9n es cierto, que el fen\u00f3meno de la desaparici\u00f3n forzada conlleva un drama humano quiz\u00e1 mucho mayor al del homicidio, porque se trata de un dolor que para los seres queridos es continuo, una pesadilla que no termina nunca, que no deja descansar.<br>RMO, es decir las personas desaparecidas, significan un dolor permanente a sus familiares.<br>MPE, 100 mil personas desaparecidas implican tambi\u00e9n 100 mil familias que sufren permanentemente esa p\u00e9rdida. Insisto, ese dolor que no cesa, llega a ser m\u00e1s intenso que el que puede provocar la misma muerte. A muchas madres, padres, hermanas y hermanos de desaparecidos se les escucha decir que prefieren encontrar un cuerpo muerto, que seguir con la angustia constante de no encontrar a sus hijos y hermanos. Prefieren darle sepultura a un cuerpo, y as\u00ed despedirse y vivir su duelo, que el dolor de no saber qu\u00e9 fue de esa persona.<br>RMO, entonces la desaparici\u00f3n es un fen\u00f3meno social que lacera mucho m\u00e1s a nuestra comunidad?<br>MPE. La desaparici\u00f3n forzada es la aflicci\u00f3n incesante, es la esperanza y la desesperanza que se mezclan, la angustia constante, el dolor persistente, eterno, que asfixia el alma.<br>RMO, \u00bfqu\u00e9 otras fallas del sistema fiscal lastiman a los mexicanos?<br>MPE. A lo anterior, se suma la crisis forense. 52 mil cuerpos de personas no identificadas se apilan en fosas comunes y en anfiteatros. No hay recursos para la labor de identificaci\u00f3n. El Comit\u00e9 contra las Desapariciones Forzadas, de la ONU, que visit\u00f3 M\u00e9xico a finales del a\u00f1o pasado, sostiene que, al ritmo actual, se requerir\u00edan 120 a\u00f1os para identificarlas. El 12 de abril pasado este Comit\u00e9 dio a conocer el informe de su visita a nuestro pa\u00eds. Revela que apenas entre un 2% y un 6% de los casos de desaparici\u00f3n, terminan en procesos penales, y que, en todo ese oc\u00e9ano de 100 mil desapariciones, hasta noviembre pasado solo se han dictado 36 condenas.<br>RMO, la impunidad campea.<br>MPE. Esos alt\u00edsimos niveles de impunidad, constituyen un incentivo para el crimen, un aliciente para la violencia homicida y feminicida. Por eso, el Comit\u00e9 de la ONU sostiene que en M\u00e9xico la desaparici\u00f3n forzada es la definici\u00f3n del crimen perfecto. El Comit\u00e9 emiti\u00f3 88 recomendaciones para nuestro pa\u00eds, y concluy\u00f3 que \u201cla impunidad en M\u00e9xico es un rasgo estructural que favorece la reproducci\u00f3n y el encubrimiento de las desapariciones forzadas y pone en peligro y causa zozobra a las v\u00edctimas, a quienes defienden y promueven sus derechos, a los servidores p\u00fablicos que buscan a las personas desaparecidas e investigan sus casos y a la sociedad en su conjunto&#8221;.<br>RMO, \u00bfcu\u00e1l es la situaci\u00f3n actual de esta asignatura pendiente?<br>MPE, lo que m\u00e1s preocupa, es que el problema se ha exacerbado en los a\u00f1os recientes. Cerca del 25% de las 100 mil desapariciones sucedieron ya durante el gobierno de L\u00f3pez Obrador, en el que, en la primera mitad de su gesti\u00f3n ha computado 24,161, mientras que en el sexenio completo de Pe\u00f1a Nieto fueron 35,339, y en el de Felipe Calder\u00f3n 16,573. El aumento constante es terrible.<br>RMO, el Congreso de la Uni\u00f3n ha tenido alguna propuesta?<br>MPE, En ese contexto, esta semana, en el cierre del periodo ordinario de sesiones, el Congreso de la Uni\u00f3n aprob\u00f3 la creaci\u00f3n del Centro Nacional de Identificaci\u00f3n Humana, dependiente de la Comisi\u00f3n Nacional de B\u00fasqueda. Un paso en el camino correcto, sin duda, pero que, al se\u00f1alarse expresamente que no se dispondr\u00edan recursos presupuestarios para su puesta en marcha, todo indica que podr\u00eda terminar en un acto m\u00e1s de propaganda y demagogia. Por los deudos, por los miles de familias que sufren, espero que no.<br>RMO, ojal\u00e1 no se posterguen m\u00e1s estas acciones.<br>MPE. Este pa\u00eds, donde los aires de impunidad, los mares de sangre, y las monta\u00f1as de muertos, cubren el paisaje, se merece algo mucho mejor.<br>RMO, gracias Marcos por compartir estos datos reveladores y dram\u00e1ticos.<\/p>\n","protected":false},"excerpt":{"rendered":"<p>*Marcos P\u00e9rez Esquer en Diario Digital Por Ra\u00fal MonterComo consecuencia del aumento de desaparecidas, la opini\u00f3n p\u00fablica y redes sociales se han inundado con cr\u00edticas severas, especialmente contra las autoridades a nivel estatal, municipal y por supuesto federal.Ante esta situaci\u00f3n decid\u00ed platicar con Marcos P\u00e9rez Esquer, quien es abogado y contador p\u00fablico, ha sido dos [&hellip;]<\/p>\n","protected":false},"author":1,"featured_media":75164,"comment_status":"open","ping_status":"open","sticky":true,"template":"","format":"standard","meta":{"footnotes":""},"categories":[14,2],"tags":[],"_links":{"self":[{"href":"https:\/\/diariodigitalmx.com\/index.php\/wp-json\/wp\/v2\/posts\/75301"}],"collection":[{"href":"https:\/\/diariodigitalmx.com\/index.php\/wp-json\/wp\/v2\/posts"}],"about":[{"href":"https:\/\/diariodigitalmx.com\/index.php\/wp-json\/wp\/v2\/types\/post"}],"author":[{"embeddable":true,"href":"https:\/\/diariodigitalmx.com\/index.php\/wp-json\/wp\/v2\/users\/1"}],"replies":[{"embeddable":true,"href":"https:\/\/diariodigitalmx.com\/index.php\/wp-json\/wp\/v2\/comments?post=75301"}],"version-history":[{"count":2,"href":"https:\/\/diariodigitalmx.com\/index.php\/wp-json\/wp\/v2\/posts\/75301\/revisions"}],"predecessor-version":[{"id":75303,"href":"https:\/\/diariodigitalmx.com\/index.php\/wp-json\/wp\/v2\/posts\/75301\/revisions\/75303"}],"wp:featuredmedia":[{"embeddable":true,"href":"https:\/\/diariodigitalmx.com\/index.php\/wp-json\/wp\/v2\/media\/75164"}],"wp:attachment":[{"href":"https:\/\/diariodigitalmx.com\/index.php\/wp-json\/wp\/v2\/media?parent=75301"}],"wp:term":[{"taxonomy":"category","embeddable":true,"href":"https:\/\/diariodigitalmx.com\/index.php\/wp-json\/wp\/v2\/categories?post=75301"},{"taxonomy":"post_tag","embeddable":true,"href":"https:\/\/diariodigitalmx.com\/index.php\/wp-json\/wp\/v2\/tags?post=75301"}],"curies":[{"name":"wp","href":"https:\/\/api.w.org\/{rel}","templated":true}]}}