{"id":75379,"date":"2022-05-02T12:21:44","date_gmt":"2022-05-02T17:21:44","guid":{"rendered":"http:\/\/diariodigitalmx.com\/?p=75379"},"modified":"2022-05-02T12:48:20","modified_gmt":"2022-05-02T17:48:20","slug":"pelean-policias-de-monterrey","status":"publish","type":"post","link":"https:\/\/diariodigitalmx.com\/index.php\/2022\/05\/02\/pelean-policias-de-monterrey\/","title":{"rendered":"Pelean polic\u00edas de Monterrey"},"content":{"rendered":"\n<figure class=\"wp-block-video\"><video controls src=\"http:\/\/diariodigitalmx.com\/wp-content\/uploads\/2022\/05\/VID-20220502-WA0023.mp4\"><\/video><\/figure>\n\n\n\n<p>Monterrey-&nbsp; Polic\u00edas de Monterrey sostuvieron una discusi\u00f3n en plena v\u00eda p\u00fablica&nbsp; al sur de Monterrey, sin que nadie los detuviera.<\/p>\n\n\n\n<p>Lo anterior qued\u00f3 constatado en una grabaci\u00f3n de un negocio, cuyos propietarios compartieron con los medios y redes sociales.<\/p>\n\n\n\n<p>De acuerdo al video de la c\u00e1mara de seguridad,&nbsp; se ve cuando una patrulla se estaciona en el exterior de una tienda 7-Eleven ubicada en la rotonda de Lago Erie y Lago Zurich, en la Colonia Lagos del Bosque, de la que descienden los uniformados.<\/p>\n\n\n\n<p>De la patrulla bajan cinco polic\u00edas que inician una discusi\u00f3n entre ellos , para posteriormente manosear sin ir m\u00e1s all\u00e1 en el problema que aparentemente tuvieron.<\/p>\n\n\n\n<p>Luego subieron a la patrulla y abandonaron el lugar.<\/p>\n\n\n\n<p>Un amplio sector de la Ciudad es vigilado por la polic\u00eda de Monterrey,&nbsp; y otra parte por Fuerza Civil del Estado.<\/p>\n\n\n\n<p>Los deseos de algunos Alcaldes, entre ellos el actual Luis Donaldo Colosio son de tener toda la Ciudad vigilada por la polic\u00eda de Monterrey&nbsp; que depende<\/p>\n","protected":false},"excerpt":{"rendered":"<p>Monterrey-&nbsp; Polic\u00edas de Monterrey sostuvieron una discusi\u00f3n en plena v\u00eda p\u00fablica&nbsp; al sur de Monterrey, sin que nadie los detuviera. Lo anterior qued\u00f3 constatado en una grabaci\u00f3n de un negocio, cuyos propietarios compartieron con los medios y redes sociales. De acuerdo al video de la c\u00e1mara de seguridad,&nbsp; se ve cuando una patrulla se estaciona [&hellip;]<\/p>\n","protected":false},"author":1,"featured_media":75384,"comment_status":"open","ping_status":"open","sticky":true,"template":"","format":"standard","meta":{"footnotes":""},"categories":[14,6],"tags":[],"_links":{"self":[{"href":"https:\/\/diariodigitalmx.com\/index.php\/wp-json\/wp\/v2\/posts\/75379"}],"collection":[{"href":"https:\/\/diariodigitalmx.com\/index.php\/wp-json\/wp\/v2\/posts"}],"about":[{"href":"https:\/\/diariodigitalmx.com\/index.php\/wp-json\/wp\/v2\/types\/post"}],"author":[{"embeddable":true,"href":"https:\/\/diariodigitalmx.com\/index.php\/wp-json\/wp\/v2\/users\/1"}],"replies":[{"embeddable":true,"href":"https:\/\/diariodigitalmx.com\/index.php\/wp-json\/wp\/v2\/comments?post=75379"}],"version-history":[{"count":2,"href":"https:\/\/diariodigitalmx.com\/index.php\/wp-json\/wp\/v2\/posts\/75379\/revisions"}],"predecessor-version":[{"id":75383,"href":"https:\/\/diariodigitalmx.com\/index.php\/wp-json\/wp\/v2\/posts\/75379\/revisions\/75383"}],"wp:featuredmedia":[{"embeddable":true,"href":"https:\/\/diariodigitalmx.com\/index.php\/wp-json\/wp\/v2\/media\/75384"}],"wp:attachment":[{"href":"https:\/\/diariodigitalmx.com\/index.php\/wp-json\/wp\/v2\/media?parent=75379"}],"wp:term":[{"taxonomy":"category","embeddable":true,"href":"https:\/\/diariodigitalmx.com\/index.php\/wp-json\/wp\/v2\/categories?post=75379"},{"taxonomy":"post_tag","embeddable":true,"href":"https:\/\/diariodigitalmx.com\/index.php\/wp-json\/wp\/v2\/tags?post=75379"}],"curies":[{"name":"wp","href":"https:\/\/api.w.org\/{rel}","templated":true}]}}