{"id":754,"date":"2019-03-04T10:22:54","date_gmt":"2019-03-04T16:22:54","guid":{"rendered":"http:\/\/diariodigitalmx.com\/?p=754"},"modified":"2019-03-04T10:22:55","modified_gmt":"2019-03-04T16:22:55","slug":"a-todo-el-pais-el-amparo-contra-el-recorte-en-guarderias-luis-donaldo-colosio","status":"publish","type":"post","link":"https:\/\/diariodigitalmx.com\/index.php\/2019\/03\/04\/a-todo-el-pais-el-amparo-contra-el-recorte-en-guarderias-luis-donaldo-colosio\/","title":{"rendered":"A todo el Pa\u00eds, el amparo contra el recorte en guarder\u00edas: Luis Donaldo Colosio"},"content":{"rendered":"\n<p><strong>David Casas <\/strong><br><\/p>\n\n\n\n<p>Al condenar el recorte al Programa de Guarder\u00edas por parte del Gobierno federal, Luis Donaldo Colosio Riojas anunci\u00f3 que extender\u00e1n al resto del Pa\u00eds las acciones jur\u00eddicas para defender a las familias.<br><br>El coordinador nacional de los Diputados de Movimiento Ciudadano dijo que pondr\u00e1n a disposici\u00f3n de todas las Legislaturas el amparo presentado con \u00e9xito en Nuevo Le\u00f3n.<br><br>&#8220;No solo nos oponemos y condenamos la insensible mal decisi\u00f3n del Gobierno federal, sino que vamos a defender a la gente que m\u00e1s nos necesita en este momento mediante las acciones jur\u00eddicas que sean necesarias para salvaguardar los intereses de la ni\u00f1ez y la prosperidad de las familias mexicanas&#8221;, se\u00f1al\u00f3 Colosio Riojas.<br><br>&#8220;Y para ejemplo el amparo que ya se present\u00f3 en Nuevo Le\u00f3n para defender las estancias infantiles, mismo que<br>se ha puesto a disposici\u00f3n de todas las Legislaturas y del cual ya hemos obtenido las primeras suspensiones del acto reclamado&#8221;.<br><br>El tambi\u00e9n coordinador de la bancada de Movimiento Ciudadano en Nuevo Le\u00f3n destac\u00f3 que el programa federal beneficiaba a miles de familias cuya situaci\u00f3n econ\u00f3mica est\u00e1 por debajo la l\u00ednea de bienestar, y que no tienen acceso al servicio a trav\u00e9s de seguridad social.<br><br>El recorte, advirti\u00f3, podr\u00eda restringir el derecho de las ni\u00f1as y ni\u00f1os a la educaci\u00f3n y estimulaci\u00f3n temprana, a vivir en condiciones de bienestar, y a un sano desarrollo integral.<br><br>&#8220;Ante las irregularidades o corruptelas cometidas por algunos funcionarios, la soluci\u00f3n no puede ser dejar de cubrir el programa y asignar de manera directa los recursos&#8221;, indic\u00f3 Colosio Riojas.<br><br>&#8220;No solo estar\u00edamos haciendo que los ciudadanos se encarguen de asuntos administrativos que no deber\u00edan de preocuparles, sino que estamos haciendo que adem\u00e1s paguen justos por pecadores.<br><br>&#8220;Son las miles de ni\u00f1as y ni\u00f1os los beneficiarios primarios del programa, incluso por encima de los padres de familia, y no las estancias&#8221;.<br><br>Colosio Riojas mencion\u00f3 que ya se han documentado accidentes dom\u00e9sticos graves derivados de la falta de espacios adecuados para el cuidado de los ni\u00f1os por parte de familiares, quienes a pesar de tener la mejor intenci\u00f3n carecen de capacitaci\u00f3n.<br><br>La medida, explic\u00f3, desestabiliz\u00f3 la econom\u00eda y din\u00e1mica de las familias mexicanas, al incrementar en un 16 por ciento la erogaci\u00f3n por este servicio y hasta en un 55.6 por ciento en el caso de ni\u00f1os con discapacidad.<br><br>Colosio Riojas lament\u00f3 que en su af\u00e1n por combatir la corrupci\u00f3n el Gobierno federal adopte medidas<br><br>&#8220;Es muy preocupante que por un lado vemos una tendencia al capricho en muchas decisiones de Estado y por otro lado el argumento de que todo es en pro al combate a la corrupci\u00f3n&#8221;.<br><br>&#8220;No solo es un gran desatino, sino que prevalece la afectaci\u00f3n directa a la gente que m\u00e1s necesita del apoyo del Estado por parte del Estado mismo&#8221;.<\/p>\n","protected":false},"excerpt":{"rendered":"<p>David Casas Al condenar el recorte al Programa de Guarder\u00edas por parte del Gobierno federal, Luis Donaldo Colosio Riojas anunci\u00f3 que extender\u00e1n al resto del Pa\u00eds las acciones jur\u00eddicas para defender a las familias. El coordinador nacional de los Diputados de Movimiento Ciudadano dijo que pondr\u00e1n a disposici\u00f3n de todas las Legislaturas el amparo presentado [&hellip;]<\/p>\n","protected":false},"author":1,"featured_media":755,"comment_status":"open","ping_status":"open","sticky":true,"template":"","format":"standard","meta":{"footnotes":""},"categories":[6],"tags":[],"_links":{"self":[{"href":"https:\/\/diariodigitalmx.com\/index.php\/wp-json\/wp\/v2\/posts\/754"}],"collection":[{"href":"https:\/\/diariodigitalmx.com\/index.php\/wp-json\/wp\/v2\/posts"}],"about":[{"href":"https:\/\/diariodigitalmx.com\/index.php\/wp-json\/wp\/v2\/types\/post"}],"author":[{"embeddable":true,"href":"https:\/\/diariodigitalmx.com\/index.php\/wp-json\/wp\/v2\/users\/1"}],"replies":[{"embeddable":true,"href":"https:\/\/diariodigitalmx.com\/index.php\/wp-json\/wp\/v2\/comments?post=754"}],"version-history":[{"count":1,"href":"https:\/\/diariodigitalmx.com\/index.php\/wp-json\/wp\/v2\/posts\/754\/revisions"}],"predecessor-version":[{"id":756,"href":"https:\/\/diariodigitalmx.com\/index.php\/wp-json\/wp\/v2\/posts\/754\/revisions\/756"}],"wp:featuredmedia":[{"embeddable":true,"href":"https:\/\/diariodigitalmx.com\/index.php\/wp-json\/wp\/v2\/media\/755"}],"wp:attachment":[{"href":"https:\/\/diariodigitalmx.com\/index.php\/wp-json\/wp\/v2\/media?parent=754"}],"wp:term":[{"taxonomy":"category","embeddable":true,"href":"https:\/\/diariodigitalmx.com\/index.php\/wp-json\/wp\/v2\/categories?post=754"},{"taxonomy":"post_tag","embeddable":true,"href":"https:\/\/diariodigitalmx.com\/index.php\/wp-json\/wp\/v2\/tags?post=754"}],"curies":[{"name":"wp","href":"https:\/\/api.w.org\/{rel}","templated":true}]}}