{"id":75711,"date":"2022-05-06T17:08:53","date_gmt":"2022-05-06T22:08:53","guid":{"rendered":"http:\/\/diariodigitalmx.com\/?p=75711"},"modified":"2022-05-06T17:16:26","modified_gmt":"2022-05-06T22:16:26","slug":"en-escobedo-autoridades-y-sector-comercio-unidos-en-la-estrategia-de-fortalecimiento-a-la-seguridad","status":"publish","type":"post","link":"https:\/\/diariodigitalmx.com\/index.php\/2022\/05\/06\/en-escobedo-autoridades-y-sector-comercio-unidos-en-la-estrategia-de-fortalecimiento-a-la-seguridad\/","title":{"rendered":"En Escobedo, autoridades y sector comercio, unidos en la estrategia de fortalecimiento a la seguridad"},"content":{"rendered":"\n<figure class=\"wp-block-video\"><video controls src=\"http:\/\/diariodigitalmx.com\/wp-content\/uploads\/2022\/05\/JUNTA-DE-COMERCIANTES-ANALISIS-C4-MEDIOS-ASPECTOS.mp4\"><\/video><\/figure>\n\n\n\n<p>El Municipio de Escobedo contin\u00faa con las reuniones mensuales de seguridad con representantes de comercios y plazas comerciales, para reforzar estrategias y reducir la incidencia delictiva.<\/p>\n\n\n\n<p>El Alcalde Andr\u00e9s Mijes asisti\u00f3 a la junta de este viernes en la Secretar\u00eda de Seguridad Ciudadana, en donde alent\u00f3 a la dependencia municipal y a los comercios a seguir trabajando en equipo, pues de esta forma los resultados seguir\u00e1n siendo positivos.<\/p>\n\n\n\n<figure class=\"wp-block-image size-large\"><img loading=\"lazy\" decoding=\"async\" width=\"1024\" height=\"683\" src=\"http:\/\/diariodigitalmx.com\/wp-content\/uploads\/2022\/05\/Q9A2002-1024x683.jpg\" alt=\"\" class=\"wp-image-75714\" srcset=\"https:\/\/diariodigitalmx.com\/wp-content\/uploads\/2022\/05\/Q9A2002-1024x683.jpg 1024w, https:\/\/diariodigitalmx.com\/wp-content\/uploads\/2022\/05\/Q9A2002-300x200.jpg 300w, https:\/\/diariodigitalmx.com\/wp-content\/uploads\/2022\/05\/Q9A2002-768x512.jpg 768w, https:\/\/diariodigitalmx.com\/wp-content\/uploads\/2022\/05\/Q9A2002-1536x1024.jpg 1536w, https:\/\/diariodigitalmx.com\/wp-content\/uploads\/2022\/05\/Q9A2002-2048x1365.jpg 2048w\" sizes=\"(max-width: 1024px) 100vw, 1024px\" \/><\/figure>\n\n\n\n<p>\u201cMuchas gracias por esta coordinaci\u00f3n estrecha\u201d, expuso Mijes en su participaci\u00f3n, \u201ccomo ustedes sabes, trabajamos con la cifra negra de las denuncias y eso nos permite tener mejores estrategias conjuntas de seguridad\u201d.<\/p>\n\n\n\n<figure class=\"wp-block-image size-large\"><img loading=\"lazy\" decoding=\"async\" width=\"1024\" height=\"683\" src=\"http:\/\/diariodigitalmx.com\/wp-content\/uploads\/2022\/05\/Q9A1980-1024x683.jpg\" alt=\"\" class=\"wp-image-75717\" srcset=\"https:\/\/diariodigitalmx.com\/wp-content\/uploads\/2022\/05\/Q9A1980-1024x683.jpg 1024w, https:\/\/diariodigitalmx.com\/wp-content\/uploads\/2022\/05\/Q9A1980-300x200.jpg 300w, https:\/\/diariodigitalmx.com\/wp-content\/uploads\/2022\/05\/Q9A1980-768x512.jpg 768w, https:\/\/diariodigitalmx.com\/wp-content\/uploads\/2022\/05\/Q9A1980-1536x1024.jpg 1536w, https:\/\/diariodigitalmx.com\/wp-content\/uploads\/2022\/05\/Q9A1980-2048x1365.jpg 2048w\" sizes=\"(max-width: 1024px) 100vw, 1024px\" \/><\/figure>\n\n\n\n<p>El Edil tambi\u00e9n destac\u00f3 que el Municipio contin\u00faa generando inversi\u00f3n y empleos, que se convierten en oportunidades para que la gente opte por trabajos formales en lugar de irse por \u201cel camino f\u00e1cil\u201d de la delincuencia y los robos.<\/p>\n\n\n\n<figure class=\"wp-block-image size-large\"><img loading=\"lazy\" decoding=\"async\" width=\"1024\" height=\"683\" src=\"http:\/\/diariodigitalmx.com\/wp-content\/uploads\/2022\/05\/Q9A1983-1024x683.jpg\" alt=\"\" class=\"wp-image-75724\" srcset=\"https:\/\/diariodigitalmx.com\/wp-content\/uploads\/2022\/05\/Q9A1983-1024x683.jpg 1024w, https:\/\/diariodigitalmx.com\/wp-content\/uploads\/2022\/05\/Q9A1983-300x200.jpg 300w, https:\/\/diariodigitalmx.com\/wp-content\/uploads\/2022\/05\/Q9A1983-768x512.jpg 768w, https:\/\/diariodigitalmx.com\/wp-content\/uploads\/2022\/05\/Q9A1983-1536x1024.jpg 1536w, https:\/\/diariodigitalmx.com\/wp-content\/uploads\/2022\/05\/Q9A1983-2048x1365.jpg 2048w\" sizes=\"(max-width: 1024px) 100vw, 1024px\" \/><\/figure>\n\n\n\n<p>Asimismo, record\u00f3 en qu\u00e9 consiste el Protocolo 48, mecanismo municipal de reacci\u00f3n inmediata de b\u00fasqueda de personas extraviadas, del que los comerciantes fueron invitados a formar parte en la red de apoyo ciudadana, para cooperar en la difusi\u00f3n de los casos que se presenten.<\/p>\n\n\n\n<figure class=\"wp-block-image size-large\"><img loading=\"lazy\" decoding=\"async\" width=\"1024\" height=\"683\" src=\"http:\/\/diariodigitalmx.com\/wp-content\/uploads\/2022\/05\/Q9A1963-1024x683.jpg\" alt=\"\" class=\"wp-image-75719\" srcset=\"https:\/\/diariodigitalmx.com\/wp-content\/uploads\/2022\/05\/Q9A1963-1024x683.jpg 1024w, https:\/\/diariodigitalmx.com\/wp-content\/uploads\/2022\/05\/Q9A1963-300x200.jpg 300w, https:\/\/diariodigitalmx.com\/wp-content\/uploads\/2022\/05\/Q9A1963-768x512.jpg 768w, https:\/\/diariodigitalmx.com\/wp-content\/uploads\/2022\/05\/Q9A1963-1536x1024.jpg 1536w, https:\/\/diariodigitalmx.com\/wp-content\/uploads\/2022\/05\/Q9A1963-2048x1365.jpg 2048w\" sizes=\"(max-width: 1024px) 100vw, 1024px\" \/><\/figure>\n\n\n\n<p>A la reuni\u00f3n asistieron representantes de empresas como Oxxo, Seven Eleven, Soriana, Grupo Salinas, Farmacias Guadalajara, Pepsico y Mi Plaza Escobedo.<\/p>\n\n\n\n<p>Por parte de la Administraci\u00f3n Municipal, participaron Hermelindo Lara Cruz, titular de la Secretar\u00eda de Seguridad Ciudadana; Felipe Canales Rodr\u00edguez, Secretario de Ayuntamiento, y C\u00e9sar Leija Franco, Secretario de Desarrollo Econ\u00f3mico y Turismo.<\/p>\n","protected":false},"excerpt":{"rendered":"<p>El Municipio de Escobedo contin\u00faa con las reuniones mensuales de seguridad con representantes de comercios y plazas comerciales, para reforzar estrategias y reducir la incidencia delictiva. El Alcalde Andr\u00e9s Mijes asisti\u00f3 a la junta de este viernes en la Secretar\u00eda de Seguridad Ciudadana, en donde alent\u00f3 a la dependencia municipal y a los comercios a [&hellip;]<\/p>\n","protected":false},"author":1,"featured_media":75713,"comment_status":"open","ping_status":"open","sticky":true,"template":"","format":"standard","meta":{"footnotes":""},"categories":[14,6],"tags":[],"_links":{"self":[{"href":"https:\/\/diariodigitalmx.com\/index.php\/wp-json\/wp\/v2\/posts\/75711"}],"collection":[{"href":"https:\/\/diariodigitalmx.com\/index.php\/wp-json\/wp\/v2\/posts"}],"about":[{"href":"https:\/\/diariodigitalmx.com\/index.php\/wp-json\/wp\/v2\/types\/post"}],"author":[{"embeddable":true,"href":"https:\/\/diariodigitalmx.com\/index.php\/wp-json\/wp\/v2\/users\/1"}],"replies":[{"embeddable":true,"href":"https:\/\/diariodigitalmx.com\/index.php\/wp-json\/wp\/v2\/comments?post=75711"}],"version-history":[{"count":7,"href":"https:\/\/diariodigitalmx.com\/index.php\/wp-json\/wp\/v2\/posts\/75711\/revisions"}],"predecessor-version":[{"id":75727,"href":"https:\/\/diariodigitalmx.com\/index.php\/wp-json\/wp\/v2\/posts\/75711\/revisions\/75727"}],"wp:featuredmedia":[{"embeddable":true,"href":"https:\/\/diariodigitalmx.com\/index.php\/wp-json\/wp\/v2\/media\/75713"}],"wp:attachment":[{"href":"https:\/\/diariodigitalmx.com\/index.php\/wp-json\/wp\/v2\/media?parent=75711"}],"wp:term":[{"taxonomy":"category","embeddable":true,"href":"https:\/\/diariodigitalmx.com\/index.php\/wp-json\/wp\/v2\/categories?post=75711"},{"taxonomy":"post_tag","embeddable":true,"href":"https:\/\/diariodigitalmx.com\/index.php\/wp-json\/wp\/v2\/tags?post=75711"}],"curies":[{"name":"wp","href":"https:\/\/api.w.org\/{rel}","templated":true}]}}