{"id":75826,"date":"2022-05-09T08:50:00","date_gmt":"2022-05-09T13:50:00","guid":{"rendered":"http:\/\/diariodigitalmx.com\/?p=75826"},"modified":"2022-05-09T08:50:43","modified_gmt":"2022-05-09T13:50:43","slug":"todo-indica-que-pertenencias-son-de-yolanda-avances-de-caso-debanhi","status":"publish","type":"post","link":"https:\/\/diariodigitalmx.com\/index.php\/2022\/05\/09\/todo-indica-que-pertenencias-son-de-yolanda-avances-de-caso-debanhi\/","title":{"rendered":"Todo indica que pertenencias son de Yolanda; avances de caso Debanhi"},"content":{"rendered":"\n<p>Monterrey &#8211; Las pertenencias encontradas en un cuerpo en estado de descomposici\u00f3n apuntan que ser\u00edan las de Yolanda, por un lado, y por otro, se descart\u00f3 que el veh\u00edculo captado en el motel Nueva Castilla en que suben dos personas, tuviera relaci\u00f3n con el caso Debanhi<\/p>\n\n\n\n<p>La Fiscal\u00eda Especializada en Feminicidios y Delitos contra las Mujeres, confirm\u00f3 oficialmente que la ropa del cuerpo de la mujer encontrada ayer en el municipio de Ju\u00e1rez, tiene caracter\u00edsticas a las que utilizaba Yolanda Mart\u00ednez Cadena, desaparecida el 31 de marzo.<\/p>\n\n\n\n<p>Sin embargo, Griselda N\u00fa\u00f1ez Espinoza, titular de la Fiscal\u00eda inform\u00f3 que se realiza la autopsia al cuerpo y al concluir los ex\u00e1menes gen\u00e9ticos forenses, estar\u00e1 en condiciones de informar las causas de la muerte y determinar si es Yolanda.<\/p>\n\n\n\n<p>&#8220;Las caracter\u00edsticas de la vestimenta una blusa negra con rayas, un pantal\u00f3n de mezclilla color azul y tenis negros, bolsa negra, son pertenencias que se encontraron en el lugar del hallazgo y que podr\u00edan ser de Yolanda&#8221;, precis\u00f3.<\/p>\n\n\n\n<p>La funcionaria declin\u00f3 adelantar sobre los art\u00edculos que hab\u00eda dentro del bolso como alguna credencial que identificar\u00e1 a la occisa.<\/p>\n\n\n\n<p>Sobre el caso de Debanhi Escobar, N\u00fa\u00f1ez Espinoza mencion\u00f3 que el resultado del an\u00e1lisis particular que se le hizo a la joven, se integr\u00f3 a la carpeta, es un dictamen que se agrega a la investigaci\u00f3n y que contribuye a la misma, agreg\u00f3.<\/p>\n\n\n\n<p>Ahora est\u00e1n en espera del an\u00e1lisis que les llegar\u00e1 el Gobierno Federal para hacer los comparativos.<\/p>\n\n\n\n<p>Sobre las dos personas que aparecen en un video y que subieron a un veh\u00edculo, inform\u00f3 que la investigaci\u00f3n ha determinado que se trata de una pareja que sali\u00f3 del motel y solicit\u00f3 un servicio de la plataforma Didi, versi\u00f3n que fue comprobada con la citada empresa y las personas a las que se entrevist\u00f3.<\/p>\n\n\n\n<p>Por tal motivo, se descarta que haya alguna vinculaci\u00f3n con el caso Debanhi.<\/p>\n\n\n\n<p>Sobre las hip\u00f3tesis que tengan los padres de la joven se dar\u00e1 resultado al concluir la investigaci\u00f3n.<\/p>\n\n\n\n<p>Griselda N\u00fa\u00f1ez actualiz\u00f3 al mes de mayo 56 muertes violentas de mujeres que son investigadas, de las que 42 son feminicidios y 14 homicidios dolosos.<\/p>\n","protected":false},"excerpt":{"rendered":"<p>Monterrey &#8211; Las pertenencias encontradas en un cuerpo en estado de descomposici\u00f3n apuntan que ser\u00edan las de Yolanda, por un lado, y por otro, se descart\u00f3 que el veh\u00edculo captado en el motel Nueva Castilla en que suben dos personas, tuviera relaci\u00f3n con el caso Debanhi La Fiscal\u00eda Especializada en Feminicidios y Delitos contra las [&hellip;]<\/p>\n","protected":false},"author":1,"featured_media":75828,"comment_status":"open","ping_status":"open","sticky":true,"template":"","format":"standard","meta":{"footnotes":""},"categories":[6,3],"tags":[],"_links":{"self":[{"href":"https:\/\/diariodigitalmx.com\/index.php\/wp-json\/wp\/v2\/posts\/75826"}],"collection":[{"href":"https:\/\/diariodigitalmx.com\/index.php\/wp-json\/wp\/v2\/posts"}],"about":[{"href":"https:\/\/diariodigitalmx.com\/index.php\/wp-json\/wp\/v2\/types\/post"}],"author":[{"embeddable":true,"href":"https:\/\/diariodigitalmx.com\/index.php\/wp-json\/wp\/v2\/users\/1"}],"replies":[{"embeddable":true,"href":"https:\/\/diariodigitalmx.com\/index.php\/wp-json\/wp\/v2\/comments?post=75826"}],"version-history":[{"count":1,"href":"https:\/\/diariodigitalmx.com\/index.php\/wp-json\/wp\/v2\/posts\/75826\/revisions"}],"predecessor-version":[{"id":75827,"href":"https:\/\/diariodigitalmx.com\/index.php\/wp-json\/wp\/v2\/posts\/75826\/revisions\/75827"}],"wp:featuredmedia":[{"embeddable":true,"href":"https:\/\/diariodigitalmx.com\/index.php\/wp-json\/wp\/v2\/media\/75828"}],"wp:attachment":[{"href":"https:\/\/diariodigitalmx.com\/index.php\/wp-json\/wp\/v2\/media?parent=75826"}],"wp:term":[{"taxonomy":"category","embeddable":true,"href":"https:\/\/diariodigitalmx.com\/index.php\/wp-json\/wp\/v2\/categories?post=75826"},{"taxonomy":"post_tag","embeddable":true,"href":"https:\/\/diariodigitalmx.com\/index.php\/wp-json\/wp\/v2\/tags?post=75826"}],"curies":[{"name":"wp","href":"https:\/\/api.w.org\/{rel}","templated":true}]}}