{"id":75835,"date":"2022-05-09T16:56:26","date_gmt":"2022-05-09T21:56:26","guid":{"rendered":"http:\/\/diariodigitalmx.com\/?p=75835"},"modified":"2022-05-09T17:01:46","modified_gmt":"2022-05-09T22:01:46","slug":"en-escobedo-reconocen-el-invaluable-desempeno-de-los-policias","status":"publish","type":"post","link":"https:\/\/diariodigitalmx.com\/index.php\/2022\/05\/09\/en-escobedo-reconocen-el-invaluable-desempeno-de-los-policias\/","title":{"rendered":"En Escobedo reconocen el invaluable desempe\u00f1o de los polic\u00edas"},"content":{"rendered":"\n<figure class=\"wp-block-video\"><video controls src=\"http:\/\/diariodigitalmx.com\/wp-content\/uploads\/2022\/05\/ENTREGA-DE-PREMIOS-MERITO-POLICIAL-MEDIOS-ASPECTOS.mp4\"><\/video><\/figure>\n\n\n\n<p>Por sus logros y desempe\u00f1o para salvaguardar la seguridad de los habitantes, el Gobierno de Escobedo reconoci\u00f3 a elementos de la Secretar\u00eda de Seguridad Ciudadana.<\/p>\n\n\n\n<p>Durante el evento, que se realiza con el objetivo de fomentar el sentido de pertenencia a la corporaci\u00f3n e incentivar al personal, se hizo el reconocimiento a 18 uniformados.&nbsp;&nbsp;<\/p>\n\n\n\n<p>Entre los logros se encuentran las detenciones o el aseguramiento de armas, drogas o veh\u00edculos y actos heroicos como incendios o accidentes viales.&nbsp;<\/p>\n\n\n\n<p>El Alcalde Andr\u00e9s Mijes Llovera agradeci\u00f3 el compromiso y la entrega de los uniformados, lo cual se ve reflejado en el trabajo desarrollado d\u00eda a d\u00eda en la corporaci\u00f3n.<\/p>\n\n\n\n<figure class=\"wp-block-image size-large\"><img loading=\"lazy\" decoding=\"async\" width=\"1024\" height=\"683\" src=\"http:\/\/diariodigitalmx.com\/wp-content\/uploads\/2022\/05\/Q9A2165-1024x683.jpg\" alt=\"\" class=\"wp-image-75838\" srcset=\"https:\/\/diariodigitalmx.com\/wp-content\/uploads\/2022\/05\/Q9A2165-1024x683.jpg 1024w, https:\/\/diariodigitalmx.com\/wp-content\/uploads\/2022\/05\/Q9A2165-300x200.jpg 300w, https:\/\/diariodigitalmx.com\/wp-content\/uploads\/2022\/05\/Q9A2165-768x512.jpg 768w, https:\/\/diariodigitalmx.com\/wp-content\/uploads\/2022\/05\/Q9A2165-1536x1024.jpg 1536w, https:\/\/diariodigitalmx.com\/wp-content\/uploads\/2022\/05\/Q9A2165-2048x1365.jpg 2048w\" sizes=\"(max-width: 1024px) 100vw, 1024px\" \/><\/figure>\n\n\n\n<p>\u201cLa labor del polic\u00eda no es una actividad f\u00e1cil y sencilla, sino todo lo contrario es una labor muy demandante, exigente y retadora, sin embargo, el polic\u00eda siempre debe de mostrar una sonrisa al ciudadano, debe brindarle esa confianza, esa seguridad y certeza de que est\u00e1 protegido\u201d.&nbsp;<\/p>\n\n\n\n<p>Mijes Llovera a\u00f1adi\u00f3 que este acto es solo un s\u00edmbolo de agradecimiento a nombre de todos los ciudadanos.<\/p>\n\n\n\n<p>\u201cSus actos heroicos manifiestan que nuestra corporaci\u00f3n tiene elementos responsables y respetuosos que aman lo que hacen, sabemos que en su funci\u00f3n no hay d\u00edas tranquilos ni ordinarios, los exhorto a que contin\u00faen dignificando la funci\u00f3n policial siempre desde una perspectiva de derechos humanos\u201d.<\/p>\n\n\n\n<figure class=\"wp-block-image size-large\"><img loading=\"lazy\" decoding=\"async\" width=\"1024\" height=\"683\" src=\"http:\/\/diariodigitalmx.com\/wp-content\/uploads\/2022\/05\/Q9A2150-1024x683.jpg\" alt=\"\" class=\"wp-image-75841\" srcset=\"https:\/\/diariodigitalmx.com\/wp-content\/uploads\/2022\/05\/Q9A2150-1024x683.jpg 1024w, https:\/\/diariodigitalmx.com\/wp-content\/uploads\/2022\/05\/Q9A2150-300x200.jpg 300w, https:\/\/diariodigitalmx.com\/wp-content\/uploads\/2022\/05\/Q9A2150-768x512.jpg 768w, https:\/\/diariodigitalmx.com\/wp-content\/uploads\/2022\/05\/Q9A2150-1536x1024.jpg 1536w, https:\/\/diariodigitalmx.com\/wp-content\/uploads\/2022\/05\/Q9A2150-2048x1365.jpg 2048w\" sizes=\"(max-width: 1024px) 100vw, 1024px\" \/><\/figure>\n\n\n\n<p>El Presidente Municipal reiter\u00f3 el compromiso de salvaguardar la seguridad de los ciudadanos, por lo que continuar\u00e1n con la capacitaci\u00f3n y profesionalizaci\u00f3n de los uniformados.<\/p>\n\n\n\n<p>Durante la ceremonia, estuvieron presentes el Secretario de Seguridad Ciudadana de Escobedo, Hermelindo Lara Cruz; Jaime Arturo Zurricanday Cortaza, Secretario de Finanzas y Tesorer\u00eda; la Regidora Rosalba Gonz\u00e1lez L\u00f3pez, Presidenta de la Comisi\u00f3n de Seguridad P\u00fablica Municipal y Protecci\u00f3n Civil.<\/p>\n","protected":false},"excerpt":{"rendered":"<p>Por sus logros y desempe\u00f1o para salvaguardar la seguridad de los habitantes, el Gobierno de Escobedo reconoci\u00f3 a elementos de la Secretar\u00eda de Seguridad Ciudadana. Durante el evento, que se realiza con el objetivo de fomentar el sentido de pertenencia a la corporaci\u00f3n e incentivar al personal, se hizo el reconocimiento a 18 uniformados.&nbsp;&nbsp; Entre [&hellip;]<\/p>\n","protected":false},"author":1,"featured_media":75837,"comment_status":"open","ping_status":"open","sticky":true,"template":"","format":"standard","meta":{"footnotes":""},"categories":[14,6],"tags":[],"_links":{"self":[{"href":"https:\/\/diariodigitalmx.com\/index.php\/wp-json\/wp\/v2\/posts\/75835"}],"collection":[{"href":"https:\/\/diariodigitalmx.com\/index.php\/wp-json\/wp\/v2\/posts"}],"about":[{"href":"https:\/\/diariodigitalmx.com\/index.php\/wp-json\/wp\/v2\/types\/post"}],"author":[{"embeddable":true,"href":"https:\/\/diariodigitalmx.com\/index.php\/wp-json\/wp\/v2\/users\/1"}],"replies":[{"embeddable":true,"href":"https:\/\/diariodigitalmx.com\/index.php\/wp-json\/wp\/v2\/comments?post=75835"}],"version-history":[{"count":6,"href":"https:\/\/diariodigitalmx.com\/index.php\/wp-json\/wp\/v2\/posts\/75835\/revisions"}],"predecessor-version":[{"id":75849,"href":"https:\/\/diariodigitalmx.com\/index.php\/wp-json\/wp\/v2\/posts\/75835\/revisions\/75849"}],"wp:featuredmedia":[{"embeddable":true,"href":"https:\/\/diariodigitalmx.com\/index.php\/wp-json\/wp\/v2\/media\/75837"}],"wp:attachment":[{"href":"https:\/\/diariodigitalmx.com\/index.php\/wp-json\/wp\/v2\/media?parent=75835"}],"wp:term":[{"taxonomy":"category","embeddable":true,"href":"https:\/\/diariodigitalmx.com\/index.php\/wp-json\/wp\/v2\/categories?post=75835"},{"taxonomy":"post_tag","embeddable":true,"href":"https:\/\/diariodigitalmx.com\/index.php\/wp-json\/wp\/v2\/tags?post=75835"}],"curies":[{"name":"wp","href":"https:\/\/api.w.org\/{rel}","templated":true}]}}