{"id":75870,"date":"2022-05-09T20:55:42","date_gmt":"2022-05-10T01:55:42","guid":{"rendered":"http:\/\/diariodigitalmx.com\/?p=75870"},"modified":"2022-05-09T21:01:06","modified_gmt":"2022-05-10T02:01:06","slug":"politica-y-gente-101","status":"publish","type":"post","link":"https:\/\/diariodigitalmx.com\/index.php\/2022\/05\/09\/politica-y-gente-101\/","title":{"rendered":"Pol\u00edtica y Gente"},"content":{"rendered":"\n<p>Pedro Garc\u00eda <\/p>\n\n\n\n<p>Seg\u00fan los augurios, no se avecinan tormentas en Monterey como no sea el azote de alguna de orden pol\u00edtico que monten quienes odian al populismo que, dicen, representa el presidente, pr\u00f3ximo visitante a esta, una de las cunas de la derecha, herida no por haber pasado a la charola del oficialismo que eso jam\u00e1s les doli\u00f3 porque fueron bien retribuidos con el no pago de impuestos sino por la obligaci\u00f3n de pasarle a la b\u00e1scula de la 4T; con todo, espero el prodigio hidr\u00e1ulico como un desplante del guarda-llaves celestial. que abata el infierno primaveral, aparentemente sin fin.<\/p>\n\n\n\n<p>Es verdad, para nosotros&nbsp;&nbsp;los observadores -desde los tendidos-, de la ardorosa guerra pol\u00edtica el actual es un tiempo muy interesante y atractivo en el sentido de atestiguar el desenlace del encontronazo de la derecha y la oposici\u00f3n unidas contra el Presidente de la Rep\u00fablica.<\/p>\n\n\n\n<p>Por momentos, la oposici\u00f3n parece tener en las cuerdas al Presidente, en otros, veo al l\u00edder de la 4T como resurgiendo de las crisis.<\/p>\n\n\n\n<p>La guerra pol\u00edtica nosotros la reducimos a c\u00e1lculos pol\u00edticos electorales y veo a la oposici\u00f3n indoblegable en los asuntos legislativos para no seguir nutriendo la alta popularidad de AMLO.<\/p>\n\n\n\n<p>Nom\u00e1s imaginemos efecto electoral si la oposici\u00f3n, en el Congreso, hubiese votado lo suficiente en la materia Constitucional de la reforma el\u00e9ctrica\u2026V\u00e9ase que, a pesar de ello, Morena aventaja en las tendencias para los comicios en seis estados. Y se viene la reforma electoral.<\/p>\n\n\n\n<p>En POL\u00cdTICA Y GENTE apreciamos los esfuerzos de innovaci\u00f3n, dir\u00edamos nosotros hasta de terap\u00e9utica, que se despliegan en el Centro Universitario contra el C\u00e1ncer donde arranc\u00f3 la cobertura universal de atenci\u00f3n a los ni\u00f1os con alta calidad.<\/p>\n\n\n\n<figure class=\"wp-block-image size-full\"><img loading=\"lazy\" decoding=\"async\" width=\"800\" height=\"445\" src=\"http:\/\/diariodigitalmx.com\/wp-content\/uploads\/2022\/05\/VIDAL.jpg\" alt=\"\" class=\"wp-image-75872\" srcset=\"https:\/\/diariodigitalmx.com\/wp-content\/uploads\/2022\/05\/VIDAL.jpg 800w, https:\/\/diariodigitalmx.com\/wp-content\/uploads\/2022\/05\/VIDAL-300x167.jpg 300w, https:\/\/diariodigitalmx.com\/wp-content\/uploads\/2022\/05\/VIDAL-768x427.jpg 768w\" sizes=\"(max-width: 800px) 100vw, 800px\" \/><\/figure>\n\n\n\n<p>El Doctor \u00d3scar Vidal Guti\u00e9rrez, actual director del Centro ha gestionado en la Red Estatal de Bibliotecas la implementaci\u00f3n de un programa de apoyo cultural y educativo, con \u00e9nfasis del fomento de la lectura.<\/p>\n\n\n\n<p>Se trata de un nuevo servicio orientado a la amenidad y al desarrollo cultural de los ni\u00f1os pacientes del Centro contra el C\u00e1ncer donde se les atiende en las distintas \u00e1reas: quimioterapia ambulatoria y en el nuevo piso de internamiento de oncolog\u00eda pedi\u00e1trica.<\/p>\n\n\n\n<p>El programa pone a disposici\u00f3n de los pacientes un acervo de cuentos, historietas, libros educativos, textos entregados por parte de la Biblioteca Central, as\u00ed como un plan permanente de cuentacuentos, tertulias literarias y talleres de arte.<\/p>\n\n\n\n<p>El doctor \u00d3scar Vidal Guti\u00e9rrez dirige e Centro Universitario contra el C\u00e1ncer y su hoja de servicios cubre una trayectoria de m\u00e1s de 35 a\u00f1os, incluida su labor docente y es conocido por su humanismo.<\/p>\n\n\n\n<p>-o0o-<\/p>\n\n\n\n<p>Ah, que AMLO, pos no se le va ocurriendo adquirir vacunas a la Rep\u00fablica de Cuba.<\/p>\n\n\n\n<p>Troya volver\u00e1 a arder con la oposici\u00f3n, espec\u00edficamente panista, por la \u201cocurrencia\u201d del Chipocludo, pues, no vayan a inocular el comunismo a los infantes mexicanos.Es tan \u201ccondenable\u201d como la satanizaci\u00f3n que hizo el panismo al presidente Joe Biden por haber decidido la compra de petr\u00f3leo al Chavismo venezolano. Ah, me aclaran que tal condena a Biden no ha sido declarada.<\/p>\n","protected":false},"excerpt":{"rendered":"<p>Pedro Garc\u00eda Seg\u00fan los augurios, no se avecinan tormentas en Monterey como no sea el azote de alguna de orden pol\u00edtico que monten quienes odian al populismo que, dicen, representa el presidente, pr\u00f3ximo visitante a esta, una de las cunas de la derecha, herida no por haber pasado a la charola del oficialismo que eso [&hellip;]<\/p>\n","protected":false},"author":1,"featured_media":75877,"comment_status":"open","ping_status":"open","sticky":true,"template":"","format":"standard","meta":{"footnotes":""},"categories":[14,12],"tags":[],"_links":{"self":[{"href":"https:\/\/diariodigitalmx.com\/index.php\/wp-json\/wp\/v2\/posts\/75870"}],"collection":[{"href":"https:\/\/diariodigitalmx.com\/index.php\/wp-json\/wp\/v2\/posts"}],"about":[{"href":"https:\/\/diariodigitalmx.com\/index.php\/wp-json\/wp\/v2\/types\/post"}],"author":[{"embeddable":true,"href":"https:\/\/diariodigitalmx.com\/index.php\/wp-json\/wp\/v2\/users\/1"}],"replies":[{"embeddable":true,"href":"https:\/\/diariodigitalmx.com\/index.php\/wp-json\/wp\/v2\/comments?post=75870"}],"version-history":[{"count":3,"href":"https:\/\/diariodigitalmx.com\/index.php\/wp-json\/wp\/v2\/posts\/75870\/revisions"}],"predecessor-version":[{"id":75875,"href":"https:\/\/diariodigitalmx.com\/index.php\/wp-json\/wp\/v2\/posts\/75870\/revisions\/75875"}],"wp:featuredmedia":[{"embeddable":true,"href":"https:\/\/diariodigitalmx.com\/index.php\/wp-json\/wp\/v2\/media\/75877"}],"wp:attachment":[{"href":"https:\/\/diariodigitalmx.com\/index.php\/wp-json\/wp\/v2\/media?parent=75870"}],"wp:term":[{"taxonomy":"category","embeddable":true,"href":"https:\/\/diariodigitalmx.com\/index.php\/wp-json\/wp\/v2\/categories?post=75870"},{"taxonomy":"post_tag","embeddable":true,"href":"https:\/\/diariodigitalmx.com\/index.php\/wp-json\/wp\/v2\/tags?post=75870"}],"curies":[{"name":"wp","href":"https:\/\/api.w.org\/{rel}","templated":true}]}}