{"id":75904,"date":"2022-05-09T22:43:29","date_gmt":"2022-05-10T03:43:29","guid":{"rendered":"http:\/\/diariodigitalmx.com\/?p=75904"},"modified":"2022-05-09T22:45:01","modified_gmt":"2022-05-10T03:45:01","slug":"van-12-periodistas-asesinados-en-2022-exigen-en-cdmx-cese-a-la-violencia","status":"publish","type":"post","link":"https:\/\/diariodigitalmx.com\/index.php\/2022\/05\/09\/van-12-periodistas-asesinados-en-2022-exigen-en-cdmx-cese-a-la-violencia\/","title":{"rendered":"Van 12 periodistas asesinados en 2022; exigen en CDMX\u00a0 cese a la violencia"},"content":{"rendered":"\n<p>(CDMX MAGAC\u00cdN).-Periodistas se manifestaron en el \u00c1ngel de la Independencia, para exigir el cese de las agresiones y homicidios en contra de periodistas, adem\u00e1s de pedir justicia por los casos m\u00e1s recientes, como el de Luis Enrique Ram\u00edrez, columnista de El Debate; as\u00ed como por el de Yessenia Mollinedo y Johana Garc\u00eda, periodistas de El Veraz en Veracruz, asesinadas el d\u00eda de ayer.<br>En este 2022, van 12 periodistas asesinados y 37 en lo que va el sexenio del presidente Andr\u00e9s Manuel L\u00f3pez Obrador. El d\u00eda de hoy previo a la organizaci\u00f3n de la protesta, Yessenia Molinedo y Johana Garc\u00eda, ambas del medio El Veraz, fueron asesinadas tras un ataque en el municipio de Cosoleacaque, Veracruz; aunque recibieron los primeros auxilios y fueron trasladadas a un hospital en Minatitl\u00e1n, las comunicadoras perdieron la vida.<br>En la marcha de la CDMX, el periodista Rodolfo Montes, indic\u00f3 que \u201cson los pol\u00edticos, los servidores p\u00fablicos, los principales asesinos de nuestro gremio, son ellos, est\u00e1n incrustados en todo el aparato mexicano y no es posible dejar de tener vida solo porque se le antoja al funcionario corrupto al que se le revelan sus corruptelas\u201d.<br>\u201cNi uno m\u00e1s, ni una m\u00e1s, ni un asesinado m\u00e1s, esto es un ya basta\u201d, gritaron los periodistas.<\/p>\n","protected":false},"excerpt":{"rendered":"<p>(CDMX MAGAC\u00cdN).-Periodistas se manifestaron en el \u00c1ngel de la Independencia, para exigir el cese de las agresiones y homicidios en contra de periodistas, adem\u00e1s de pedir justicia por los casos m\u00e1s recientes, como el de Luis Enrique Ram\u00edrez, columnista de El Debate; as\u00ed como por el de Yessenia Mollinedo y Johana Garc\u00eda, periodistas de El [&hellip;]<\/p>\n","protected":false},"author":1,"featured_media":75908,"comment_status":"open","ping_status":"open","sticky":true,"template":"","format":"standard","meta":{"footnotes":""},"categories":[2,3],"tags":[],"_links":{"self":[{"href":"https:\/\/diariodigitalmx.com\/index.php\/wp-json\/wp\/v2\/posts\/75904"}],"collection":[{"href":"https:\/\/diariodigitalmx.com\/index.php\/wp-json\/wp\/v2\/posts"}],"about":[{"href":"https:\/\/diariodigitalmx.com\/index.php\/wp-json\/wp\/v2\/types\/post"}],"author":[{"embeddable":true,"href":"https:\/\/diariodigitalmx.com\/index.php\/wp-json\/wp\/v2\/users\/1"}],"replies":[{"embeddable":true,"href":"https:\/\/diariodigitalmx.com\/index.php\/wp-json\/wp\/v2\/comments?post=75904"}],"version-history":[{"count":1,"href":"https:\/\/diariodigitalmx.com\/index.php\/wp-json\/wp\/v2\/posts\/75904\/revisions"}],"predecessor-version":[{"id":75905,"href":"https:\/\/diariodigitalmx.com\/index.php\/wp-json\/wp\/v2\/posts\/75904\/revisions\/75905"}],"wp:featuredmedia":[{"embeddable":true,"href":"https:\/\/diariodigitalmx.com\/index.php\/wp-json\/wp\/v2\/media\/75908"}],"wp:attachment":[{"href":"https:\/\/diariodigitalmx.com\/index.php\/wp-json\/wp\/v2\/media?parent=75904"}],"wp:term":[{"taxonomy":"category","embeddable":true,"href":"https:\/\/diariodigitalmx.com\/index.php\/wp-json\/wp\/v2\/categories?post=75904"},{"taxonomy":"post_tag","embeddable":true,"href":"https:\/\/diariodigitalmx.com\/index.php\/wp-json\/wp\/v2\/tags?post=75904"}],"curies":[{"name":"wp","href":"https:\/\/api.w.org\/{rel}","templated":true}]}}